{"id":5507,"date":"2026-01-18T19:02:18","date_gmt":"2026-01-18T18:02:18","guid":{"rendered":"https:\/\/parafiaszyk.pl\/?p=5507"},"modified":"2026-01-18T19:02:18","modified_gmt":"2026-01-18T18:02:18","slug":"zmarla-mama-ks-grzegorza-ochal","status":"publish","type":"post","link":"https:\/\/parafiaszyk.pl\/index.php\/2026\/01\/18\/zmarla-mama-ks-grzegorza-ochal\/","title":{"rendered":"Zmar\u0142a Mama ks. Grzegorza Ocha\u0142"},"content":{"rendered":"<div class=\"wp-block-image\">\n<figure class=\"aligncenter size-full is-resized\"><img loading=\"lazy\" decoding=\"async\" width=\"410\" height=\"559\" src=\"https:\/\/parafiaszyk.pl\/wp-content\/uploads\/2026\/01\/Mama-1.png\" alt=\"\" class=\"wp-image-5508\" style=\"width:240px;height:auto\" srcset=\"https:\/\/parafiaszyk.pl\/wp-content\/uploads\/2026\/01\/Mama-1.png 410w, https:\/\/parafiaszyk.pl\/wp-content\/uploads\/2026\/01\/Mama-1-220x300.png 220w\" sizes=\"auto, (max-width: 410px) 100vw, 410px\" \/><\/figure><\/div>\n\n\n<p>W dniu dzisiejszym 18.01.2026r. zmar\u0142a Kazimiera Ocha\u0142, mama Proboszcza w Szyku ks. Grzegorza Ocha\u0142.<br>Pogrzeb \u015bp. Kazimiery odb\u0119dzie si\u0119 w Ko\u015bciele Mi\u0142osierdzia Bo\u017cego w S\u0119dziszowie M\u0142p. w dniu 21.01.2026r o godz. 14:00, p\u00f3\u0142 godziny wcze\u015bniej r\u00f3\u017caniec. R\u00f3\u017caniec za zmar\u0142\u0105 Kazimier\u0119 w niedziel\u0119, poniedzia\u0142ek i wtorek b\u0119dzie odmawiany w Ko\u015bciele w Szyku o godz. 17:00.<br>Przed i po r\u00f3\u017ca\u0144cu b\u0119dzie mo\u017cna zamawia\u0107 Msze \u015aw. za Zmar\u0142\u0105 w Zakrystii, tam r\u00f3wnie\u017c b\u0119dzie mo\u017cna zapisa\u0107 si\u0119 na wyjazd autobusem do S\u0119dziszowa M\u0142p. na pogrzeb.<\/p>\n","protected":false},"excerpt":{"rendered":"<p>W dniu dzisiejszym 18.01.2026r. zmar\u0142a Kazimiera Ocha\u0142, mama Proboszcza w Szyku ks. Grzegorza Ocha\u0142.Pogrzeb \u015bp. Kazimiery odb\u0119dzie si\u0119 w Ko\u015bciele Mi\u0142osierdzia Bo\u017cego w S\u0119dziszowie M\u0142p. w dniu 21.01.2026r o godz. 14:00, p\u00f3\u0142 godziny wcze\u015bniej r\u00f3\u017caniec. R\u00f3\u017caniec za zmar\u0142\u0105 Kazimier\u0119 w niedziel\u0119, poniedzia\u0142ek i wtorek b\u0119dzie odmawiany w Ko\u015bciele w Szyku o godz. 17:00.Przed i po &#8230; <span class=\"more\"><a class=\"more-link\" href=\"https:\/\/parafiaszyk.pl\/index.php\/2026\/01\/18\/zmarla-mama-ks-grzegorza-ochal\/\">[Read more&#8230;]<\/a><\/span><\/p>\n","protected":false},"author":2,"featured_media":0,"comment_status":"closed","ping_status":"","sticky":false,"template":"","format":"standard","meta":{"footnotes":"","_links_to":"","_links_to_target":""},"categories":[1],"tags":[],"class_list":{"0":"entry","1":"post","2":"publish","3":"author-proboszcz","4":"post-5507","6":"format-standard","7":"category-uncategorized"},"_links":{"self":[{"href":"https:\/\/parafiaszyk.pl\/index.php\/wp-json\/wp\/v2\/posts\/5507","targetHints":{"allow":["GET"]}}],"collection":[{"href":"https:\/\/parafiaszyk.pl\/index.php\/wp-json\/wp\/v2\/posts"}],"about":[{"href":"https:\/\/parafiaszyk.pl\/index.php\/wp-json\/wp\/v2\/types\/post"}],"author":[{"embeddable":true,"href":"https:\/\/parafiaszyk.pl\/index.php\/wp-json\/wp\/v2\/users\/2"}],"replies":[{"embeddable":true,"href":"https:\/\/parafiaszyk.pl\/index.php\/wp-json\/wp\/v2\/comments?post=5507"}],"version-history":[{"count":1,"href":"https:\/\/parafiaszyk.pl\/index.php\/wp-json\/wp\/v2\/posts\/5507\/revisions"}],"predecessor-version":[{"id":5509,"href":"https:\/\/parafiaszyk.pl\/index.php\/wp-json\/wp\/v2\/posts\/5507\/revisions\/5509"}],"wp:attachment":[{"href":"https:\/\/parafiaszyk.pl\/index.php\/wp-json\/wp\/v2\/media?parent=5507"}],"wp:term":[{"taxonomy":"category","embeddable":true,"href":"https:\/\/parafiaszyk.pl\/index.php\/wp-json\/wp\/v2\/categories?post=5507"},{"taxonomy":"post_tag","embeddable":true,"href":"https:\/\/parafiaszyk.pl\/index.php\/wp-json\/wp\/v2\/tags?post=5507"}],"curies":[{"name":"wp","href":"https:\/\/api.w.org\/{rel}","templated":true}]}}