{"id":4934,"date":"2025-06-08T15:43:40","date_gmt":"2025-06-08T14:43:40","guid":{"rendered":"https:\/\/parafiaszyk.pl\/?p=4934"},"modified":"2025-06-08T15:43:40","modified_gmt":"2025-06-08T14:43:40","slug":"rodzina-droga-kosciola","status":"publish","type":"post","link":"https:\/\/parafiaszyk.pl\/index.php\/2025\/06\/08\/rodzina-droga-kosciola\/","title":{"rendered":"Rodzina Drog\u0105 Ko\u015bcio\u0142a"},"content":{"rendered":"\n<figure class=\"wp-block-image size-large\"><img loading=\"lazy\" decoding=\"async\" width=\"832\" height=\"1024\" src=\"https:\/\/parafiaszyk.pl\/wp-content\/uploads\/2025\/06\/1000005321-832x1024.jpg\" alt=\"\" class=\"wp-image-4935\" srcset=\"https:\/\/parafiaszyk.pl\/wp-content\/uploads\/2025\/06\/1000005321-832x1024.jpg 832w, https:\/\/parafiaszyk.pl\/wp-content\/uploads\/2025\/06\/1000005321-244x300.jpg 244w, https:\/\/parafiaszyk.pl\/wp-content\/uploads\/2025\/06\/1000005321-768x946.jpg 768w, https:\/\/parafiaszyk.pl\/wp-content\/uploads\/2025\/06\/1000005321-1248x1536.jpg 1248w, https:\/\/parafiaszyk.pl\/wp-content\/uploads\/2025\/06\/1000005321.jpg 1440w\" sizes=\"auto, (max-width: 832px) 100vw, 832px\" \/><\/figure>\n","protected":false},"excerpt":{"rendered":"","protected":false},"author":2,"featured_media":0,"comment_status":"closed","ping_status":"","sticky":false,"template":"","format":"standard","meta":{"footnotes":"","_links_to":"","_links_to_target":""},"categories":[1],"tags":[],"class_list":{"0":"entry","1":"post","2":"publish","3":"author-proboszcz","4":"post-4934","6":"format-standard","7":"category-uncategorized"},"_links":{"self":[{"href":"https:\/\/parafiaszyk.pl\/index.php\/wp-json\/wp\/v2\/posts\/4934","targetHints":{"allow":["GET"]}}],"collection":[{"href":"https:\/\/parafiaszyk.pl\/index.php\/wp-json\/wp\/v2\/posts"}],"about":[{"href":"https:\/\/parafiaszyk.pl\/index.php\/wp-json\/wp\/v2\/types\/post"}],"author":[{"embeddable":true,"href":"https:\/\/parafiaszyk.pl\/index.php\/wp-json\/wp\/v2\/users\/2"}],"replies":[{"embeddable":true,"href":"https:\/\/parafiaszyk.pl\/index.php\/wp-json\/wp\/v2\/comments?post=4934"}],"version-history":[{"count":1,"href":"https:\/\/parafiaszyk.pl\/index.php\/wp-json\/wp\/v2\/posts\/4934\/revisions"}],"predecessor-version":[{"id":4936,"href":"https:\/\/parafiaszyk.pl\/index.php\/wp-json\/wp\/v2\/posts\/4934\/revisions\/4936"}],"wp:attachment":[{"href":"https:\/\/parafiaszyk.pl\/index.php\/wp-json\/wp\/v2\/media?parent=4934"}],"wp:term":[{"taxonomy":"category","embeddable":true,"href":"https:\/\/parafiaszyk.pl\/index.php\/wp-json\/wp\/v2\/categories?post=4934"},{"taxonomy":"post_tag","embeddable":true,"href":"https:\/\/parafiaszyk.pl\/index.php\/wp-json\/wp\/v2\/tags?post=4934"}],"curies":[{"name":"wp","href":"https:\/\/api.w.org\/{rel}","templated":true}]}}