{"id":4899,"date":"2025-05-17T23:00:17","date_gmt":"2025-05-17T22:00:17","guid":{"rendered":"https:\/\/parafiaszyk.pl\/?p=4899"},"modified":"2025-05-17T23:00:17","modified_gmt":"2025-05-17T22:00:17","slug":"czy-mnie-milujesz","status":"publish","type":"post","link":"https:\/\/parafiaszyk.pl\/index.php\/2025\/05\/17\/czy-mnie-milujesz\/","title":{"rendered":"Czy mnie mi\u0142ujesz?"},"content":{"rendered":"\n<p class=\"has-text-align-center\">A gdy spo\u017cyli \u015bniadanie, rzek\u0142 Jezus do Szymona Piotra: \u00abSzymonie, synu Jana, czy mi\u0142ujesz Mnie wi\u0119cej ani\u017celi ci?\u00bb Odpowiedzia\u0142 Mu: \u00abTak, Panie, Ty wiesz, \u017ce Ci\u0119 kocham\u00bb. Rzek\u0142 do niego: \u00abPa\u015b baranki moje!\u00bb\u00a0<strong>16\u00a0<\/strong>I znowu, po raz drugi, powiedzia\u0142 do niego: \u00abSzymonie, synu Jana, czy mi\u0142ujesz Mnie?\u00bb Odpar\u0142 Mu: \u00abTak, Panie, Ty wiesz, \u017ce Ci\u0119 kocham\u00bb. Rzek\u0142 do niego: \u00abPa\u015b owce moje!\u00bb<\/p>\n\n\n\n<p><\/p>\n\n\n\n<figure class=\"wp-block-image size-large\"><img loading=\"lazy\" decoding=\"async\" width=\"748\" height=\"1024\" src=\"https:\/\/parafiaszyk.pl\/wp-content\/uploads\/2025\/05\/1000004917-748x1024.jpg\" alt=\"\" class=\"wp-image-4900\" srcset=\"https:\/\/parafiaszyk.pl\/wp-content\/uploads\/2025\/05\/1000004917-748x1024.jpg 748w, https:\/\/parafiaszyk.pl\/wp-content\/uploads\/2025\/05\/1000004917-219x300.jpg 219w, https:\/\/parafiaszyk.pl\/wp-content\/uploads\/2025\/05\/1000004917-768x1051.jpg 768w, https:\/\/parafiaszyk.pl\/wp-content\/uploads\/2025\/05\/1000004917-1122x1536.jpg 1122w, https:\/\/parafiaszyk.pl\/wp-content\/uploads\/2025\/05\/1000004917.jpg 1440w\" sizes=\"auto, (max-width: 748px) 100vw, 748px\" \/><\/figure>\n\n\n\n<p><a href=\"https:\/\/pl.aleteia.org\/2025\/05\/16\/kluczowe-momenty-uroczystosci-inauguracji-pontyfikatu-leona-xiv\">https:\/\/pl.aleteia.org\/2025\/05\/16\/kluczowe-momenty-uroczystosci-inauguracji-pontyfikatu-leona-xiv<\/a><\/p>\n","protected":false},"excerpt":{"rendered":"<p>A gdy spo\u017cyli \u015bniadanie, rzek\u0142 Jezus do Szymona Piotra: \u00abSzymonie, synu Jana, czy mi\u0142ujesz Mnie wi\u0119cej ani\u017celi ci?\u00bb Odpowiedzia\u0142 Mu: \u00abTak, Panie, Ty wiesz, \u017ce Ci\u0119 kocham\u00bb. Rzek\u0142 do niego: \u00abPa\u015b baranki moje!\u00bb\u00a016\u00a0I znowu, po raz drugi, powiedzia\u0142 do niego: \u00abSzymonie, synu Jana, czy mi\u0142ujesz Mnie?\u00bb Odpar\u0142 Mu: \u00abTak, Panie, Ty wiesz, \u017ce Ci\u0119 kocham\u00bb. &#8230; <span class=\"more\"><a class=\"more-link\" href=\"https:\/\/parafiaszyk.pl\/index.php\/2025\/05\/17\/czy-mnie-milujesz\/\">[Read more&#8230;]<\/a><\/span><\/p>\n","protected":false},"author":2,"featured_media":0,"comment_status":"closed","ping_status":"","sticky":false,"template":"","format":"standard","meta":{"footnotes":"","_links_to":"","_links_to_target":""},"categories":[1],"tags":[],"class_list":{"0":"entry","1":"post","2":"publish","3":"author-proboszcz","4":"post-4899","6":"format-standard","7":"category-uncategorized"},"_links":{"self":[{"href":"https:\/\/parafiaszyk.pl\/index.php\/wp-json\/wp\/v2\/posts\/4899","targetHints":{"allow":["GET"]}}],"collection":[{"href":"https:\/\/parafiaszyk.pl\/index.php\/wp-json\/wp\/v2\/posts"}],"about":[{"href":"https:\/\/parafiaszyk.pl\/index.php\/wp-json\/wp\/v2\/types\/post"}],"author":[{"embeddable":true,"href":"https:\/\/parafiaszyk.pl\/index.php\/wp-json\/wp\/v2\/users\/2"}],"replies":[{"embeddable":true,"href":"https:\/\/parafiaszyk.pl\/index.php\/wp-json\/wp\/v2\/comments?post=4899"}],"version-history":[{"count":1,"href":"https:\/\/parafiaszyk.pl\/index.php\/wp-json\/wp\/v2\/posts\/4899\/revisions"}],"predecessor-version":[{"id":4901,"href":"https:\/\/parafiaszyk.pl\/index.php\/wp-json\/wp\/v2\/posts\/4899\/revisions\/4901"}],"wp:attachment":[{"href":"https:\/\/parafiaszyk.pl\/index.php\/wp-json\/wp\/v2\/media?parent=4899"}],"wp:term":[{"taxonomy":"category","embeddable":true,"href":"https:\/\/parafiaszyk.pl\/index.php\/wp-json\/wp\/v2\/categories?post=4899"},{"taxonomy":"post_tag","embeddable":true,"href":"https:\/\/parafiaszyk.pl\/index.php\/wp-json\/wp\/v2\/tags?post=4899"}],"curies":[{"name":"wp","href":"https:\/\/api.w.org\/{rel}","templated":true}]}}