{"id":4884,"date":"2025-05-10T23:20:20","date_gmt":"2025-05-10T22:20:20","guid":{"rendered":"https:\/\/parafiaszyk.pl\/?p=4884"},"modified":"2025-05-11T17:39:25","modified_gmt":"2025-05-11T16:39:25","slug":"zasady-wyborcze-katolika","status":"publish","type":"post","link":"https:\/\/parafiaszyk.pl\/index.php\/2025\/05\/10\/zasady-wyborcze-katolika\/","title":{"rendered":"Zasady wyborcze Katolika"},"content":{"rendered":"\n<p>1 \/ 2<\/p>\n\n\n\n<p><strong>VADEMECUM KATOLIKA<\/strong><\/p>\n\n\n\n<p>Wolne wybory s\u0105 podstawow\u0105 instytucj\u0105 demokratyczn\u0105, pozwalaj\u0105c\u0105&nbsp;obywatelom decydowa\u0107 o kierunku rozwoju wsp\u00f3lnoty politycznej. Ten&nbsp;donios\u0142y akt, jak wszystkie inne dzia\u0142ania katolik\u00f3w, powinien by\u0107&nbsp;inspirowany wiar\u0105. Niniejszym dokumentem chcemy pom\u00f3c w podej\u015bciu do&nbsp;wybor\u00f3w, kt\u00f3re na r\u00f3\u017cnych poziomach (samorz\u0105dowym, krajowym,&nbsp;europejskim) b\u0119d\u0105 odbywa\u0107 si\u0119 w naszej Ojczy\u017anie. W zwi\u0105zku z tym&nbsp;przypominamy podstawowe zasady, jakimi powinien kierowa\u0107 si\u0119 katolik.<\/p>\n\n\n\n<p><strong>1. Uczestnictwo w wyborach<\/strong><\/p>\n\n\n\n<p>Zaanga\u017cowanie i udzia\u0142 w wyborach stanowi\u0105 dost\u0119pny dla ka\u017cdego&nbsp;obywatela spos\u00f3b realizacji \u201eprawa i obowi\u0105zku\u201d uczestnictwa w \u017cyciu&nbsp;spo\u0142eczno-politycznym. Udzia\u0142 w wyborach jest obowi\u0105zkiem sumienia&nbsp;katolika. Jest to bowiem dow\u00f3d podstawowego zaanga\u017cowania si\u0119 \u201ena rzecz&nbsp;dobra wsp\u00f3lnego, czyli dobra wszystkich i ka\u017cdego\u201d.<\/p>\n\n\n\n<p><strong>2. Znaczenie dobra wsp\u00f3lnego<\/strong><\/p>\n\n\n\n<p><strong><\/strong>Dobro wsp\u00f3lne stanowi sum\u0119 warto\u015bci, dzi\u0119ki kt\u00f3rym cz\u0142owiek, rodzina i&nbsp;spo\u0142eczno\u015b\u0107 mog\u0105 pe\u0142niej i \u0142atwiej osi\u0105gn\u0105\u0107 w\u0142asn\u0105 doskona\u0142o\u015b\u0107. Realizacja&nbsp;tak rozumianego dobra wsp\u00f3lnego mo\u017ce by\u0107 zapewniona jedynie wtedy, gdy&nbsp;polityka oparta jest na szacunku do osoby ludzkiej. Obowi\u0105zek wyborczy&nbsp;wymaga zatem odpowiedzialnych decyzji w oparciu o zasady \u0142adu&nbsp;moralnego.<\/p>\n\n\n\n<p><strong>3. Warto\u015bci nienegocjowalne<\/strong><\/p>\n\n\n\n<p>W tych sprawach, kt\u00f3re dotycz\u0105 istoty porz\u0105dku moralnego, prawy rozum nie&nbsp;pozwala na kompromisy. W konsekwencji katolicy:<\/p>\n\n\n\n<p>a) opowiadaj\u0105 si\u0119 bezwarunkowo po stronie prawa do \u017cycia od pocz\u0119cia do&nbsp;naturalnej \u015bmierci, kt\u00f3re to prawo \u201estanowi fundament wsp\u00f3\u0142\u017cycia mi\u0119dzy&nbsp;lud\u017ami oraz istnienia wsp\u00f3lnoty politycznej\u201d;<\/p>\n\n\n\n<p>b) zabiegaj\u0105 o ochron\u0119 praw rodziny, opartej na monogamicznym&nbsp;ma\u0142\u017ce\u0144stwie kobiety i m\u0119\u017cczyzny. Uwa\u017caj\u0105 zatem za niedopuszczalne&nbsp;zr\u00f3wnanie z rodzin\u0105 innych form wsp\u00f3\u0142\u017cycia;<\/p>\n\n\n\n<hr class=\"wp-block-separator has-alpha-channel-opacity\"\/>\n\n\n\n<p>c) stoj\u0105 na stra\u017cy zagwarantowania prymatu rodzic\u00f3w w wychowaniu dzieci;<\/p>\n\n\n\n<p>d) broni\u0105 wolno\u015bci sumienia i wolno\u015bci religijnej, stanowi\u0105cej \u201eserce praw&nbsp;cz\u0142owieka\u201d;<\/p>\n\n\n\n<p>e) sprzeciwiaj\u0105 si\u0119 budowaniu \u015bwiata \u201etak, jakby Boga nie by\u0142o\u201d;<\/p>\n\n\n\n<p>f) s\u0105 zaanga\u017cowani na rzecz wewn\u0119trznego i zewn\u0119trznego pokoju, b\u0119d\u0105cego&nbsp;podstawowym warunkiem realizacji dobra wsp\u00f3lnego;<\/p>\n\n\n\n<p>g) troszcz\u0105 si\u0119 o moralny kszta\u0142t proces\u00f3w gospodarczych, sprzeciwiaj\u0105c si\u0119&nbsp;\u201eekonomii, kt\u00f3ra ostatecznie zabija\u201d.<\/p>\n\n\n\n<p>Kwestie te stanowi\u0105 zbi\u00f3r zasad, kt\u00f3re powinny by\u0107 uwzgl\u0119dnione podczas&nbsp;podejmowania decyzji wyborczych. \u201eW\u0142a\u015bciwie ukszta\u0142towane sumienie&nbsp;chrze\u015bcija\u0144skie nie pozwala nikomu, poprzez oddanie g\u0142osu, popiera\u0107&nbsp;realizacj\u0119 programu politycznego lub konkretnych ustaw, kt\u00f3re podwa\u017caj\u0105&nbsp;podstawowe zasady wiary i moralno\u015bci\u201d.<\/p>\n\n\n\n<p><strong>4. Uznanie demokratycznych wybor\u00f3w<\/strong><\/p>\n\n\n\n<p>O ile obowi\u0105zkiem katolika jest udzia\u0142 w g\u0142osowaniu i oddanie g\u0142osu zgodnie\u00a0z w\u0142asnym sumieniem, o tyle w sytuacji, gdy spo\u0142ecze\u0144stwo ju\u017c dokona\u0142o\u00a0demokratycznego wyboru \u2013 nawet je\u015bli jest on sprzeczny z preferencjami\u00a0g\u0142osuj\u0105cego \u2013 nale\u017cy uszanowa\u0107 jego wynik. W sytuacji gdy \u201esprawuj\u0105cy\u00a0w\u0142adz\u0119 ustanawiaj\u0105 niesprawiedliwe prawa lub podejmuj\u0105 dzia\u0142ania\u00a0sprzeczne z porz\u0105dkiem moralnym, to prawa takie, nie obowi\u0105zuj\u0105 w\u00a0sumieniu\u201d. Sprzeciw katolika wzgl\u0119dem tak stanowionego prawa wynika z\u00a0pos\u0142usze\u0144stwa Bogu.<\/p>\n\n\n\n<p><strong>5. Modlitwa za Ojczyzn\u0119<\/strong><\/p>\n\n\n\n<p>Maj\u0105c na uwadze rang\u0119 demokratycznych wybor\u00f3w w budowaniu dobra&nbsp;wsp\u00f3lnego w oparciu o przypomniane zasady, prosimy wszystkich o&nbsp;podj\u0119cie modlitwy w intencji naszej Ojczyzny.<\/p>\n\n\n\n<p><strong><em>Rada Konferencji Episkopatu Polski ds. Spo\u0142ecznych<\/em><\/strong><\/p>\n","protected":false},"excerpt":{"rendered":"<p>1 \/ 2 VADEMECUM KATOLIKA Wolne wybory s\u0105 podstawow\u0105 instytucj\u0105 demokratyczn\u0105, pozwalaj\u0105c\u0105&nbsp;obywatelom decydowa\u0107 o kierunku rozwoju wsp\u00f3lnoty politycznej. Ten&nbsp;donios\u0142y akt, jak wszystkie inne dzia\u0142ania katolik\u00f3w, powinien by\u0107&nbsp;inspirowany wiar\u0105. Niniejszym dokumentem chcemy pom\u00f3c w podej\u015bciu do&nbsp;wybor\u00f3w, kt\u00f3re na r\u00f3\u017cnych poziomach (samorz\u0105dowym, krajowym,&nbsp;europejskim) b\u0119d\u0105 odbywa\u0107 si\u0119 w naszej Ojczy\u017anie. W zwi\u0105zku z tym&nbsp;przypominamy podstawowe zasady, jakimi powinien &#8230; <span class=\"more\"><a class=\"more-link\" href=\"https:\/\/parafiaszyk.pl\/index.php\/2025\/05\/10\/zasady-wyborcze-katolika\/\">[Read more&#8230;]<\/a><\/span><\/p>\n","protected":false},"author":2,"featured_media":0,"comment_status":"closed","ping_status":"","sticky":false,"template":"","format":"standard","meta":{"footnotes":"","_links_to":"","_links_to_target":""},"categories":[1],"tags":[],"class_list":{"0":"entry","1":"post","2":"publish","3":"author-proboszcz","4":"post-4884","6":"format-standard","7":"category-uncategorized"},"_links":{"self":[{"href":"https:\/\/parafiaszyk.pl\/index.php\/wp-json\/wp\/v2\/posts\/4884","targetHints":{"allow":["GET"]}}],"collection":[{"href":"https:\/\/parafiaszyk.pl\/index.php\/wp-json\/wp\/v2\/posts"}],"about":[{"href":"https:\/\/parafiaszyk.pl\/index.php\/wp-json\/wp\/v2\/types\/post"}],"author":[{"embeddable":true,"href":"https:\/\/parafiaszyk.pl\/index.php\/wp-json\/wp\/v2\/users\/2"}],"replies":[{"embeddable":true,"href":"https:\/\/parafiaszyk.pl\/index.php\/wp-json\/wp\/v2\/comments?post=4884"}],"version-history":[{"count":3,"href":"https:\/\/parafiaszyk.pl\/index.php\/wp-json\/wp\/v2\/posts\/4884\/revisions"}],"predecessor-version":[{"id":4891,"href":"https:\/\/parafiaszyk.pl\/index.php\/wp-json\/wp\/v2\/posts\/4884\/revisions\/4891"}],"wp:attachment":[{"href":"https:\/\/parafiaszyk.pl\/index.php\/wp-json\/wp\/v2\/media?parent=4884"}],"wp:term":[{"taxonomy":"category","embeddable":true,"href":"https:\/\/parafiaszyk.pl\/index.php\/wp-json\/wp\/v2\/categories?post=4884"},{"taxonomy":"post_tag","embeddable":true,"href":"https:\/\/parafiaszyk.pl\/index.php\/wp-json\/wp\/v2\/tags?post=4884"}],"curies":[{"name":"wp","href":"https:\/\/api.w.org\/{rel}","templated":true}]}}