{"id":4423,"date":"2024-11-10T21:27:30","date_gmt":"2024-11-10T20:27:30","guid":{"rendered":"https:\/\/parafiaszyk.pl\/?p=4423"},"modified":"2024-11-10T21:33:54","modified_gmt":"2024-11-10T20:33:54","slug":"swieto-niepodleglosci","status":"publish","type":"post","link":"https:\/\/parafiaszyk.pl\/index.php\/2024\/11\/10\/swieto-niepodleglosci\/","title":{"rendered":"\u015aWI\u0118TO NIEPODLEG\u0141O\u015aCI"},"content":{"rendered":"\n<p><strong>11 LISTOPADA<\/strong> <\/p>\n\n\n\n<figure class=\"wp-block-image size-full\"><img loading=\"lazy\" decoding=\"async\" width=\"1024\" height=\"1024\" src=\"https:\/\/parafiaszyk.pl\/wp-content\/uploads\/2024\/11\/1000001215.webp\" alt=\"\" class=\"wp-image-4425\" srcset=\"https:\/\/parafiaszyk.pl\/wp-content\/uploads\/2024\/11\/1000001215.webp 1024w, https:\/\/parafiaszyk.pl\/wp-content\/uploads\/2024\/11\/1000001215-300x300.webp 300w, https:\/\/parafiaszyk.pl\/wp-content\/uploads\/2024\/11\/1000001215-150x150.webp 150w, https:\/\/parafiaszyk.pl\/wp-content\/uploads\/2024\/11\/1000001215-768x768.webp 768w\" sizes=\"auto, (max-width: 1024px) 100vw, 1024px\" \/><\/figure>\n\n\n\n<p class=\"has-text-align-center\"><strong>Niepodleg\u0142o\u015b\u0107<\/strong><\/p>\n\n\n\n<p class=\"has-text-align-center\">Oto dzie\u0144, co blaskiem wolno\u015bci ja\u015bnieje,<br>przez krew i \u0142zy wywalczony przez wieki.<br>Polska, co kiedy\u015b w kajdanach cierpie\u0144<br>dzi\u015b wolna, dumnie wznosi powieki.<\/p>\n\n\n\n<p class=\"has-text-align-center\">Przez pola bitew, przez ciemne lasy,<br>w szumie sztandar\u00f3w, w zrywach odwa\u017cnych,<br>szli ci, co wolno\u015b\u0107 nosili w sercu,<br>nawet gdy \u015bwiat zdawa\u0142 si\u0119 zdradza\u0107.<\/p>\n\n\n\n<p class=\"has-text-align-center\">Niepodleg\u0142o\u015b\u0107 \u2013 nie s\u0142owo na wietrze,<br>lecz echo przodk\u00f3w, co sercem wo\u0142ali,<br>by ka\u017cdy skrawek ojczystej ziemi<br>mia\u0142 w sobie prawo by\u0107 sob\u0105, by\u0107 dalej.<\/p>\n\n\n\n<p class=\"has-text-align-center\">Dzi\u015b pami\u0119tamy o tej ofierze,<br>tych, co oddali swe \u017cycie, by wsta\u0142a<br>Polska w wolno\u015bci, co w sercach naszych<br>\u017cyje, cho\u0107 czas pokrywa j\u0105 chwa\u0142\u0105.<\/p>\n\n\n\n<p class=\"has-text-align-center\">Bo niepodleg\u0142o\u015b\u0107 \u2013 to codzienna troska,<br>by tej wolno\u015bci nie straci\u0107 w biegu,<br>by pami\u0119\u0107 o przesz\u0142ych by\u0142a nam bliska,<br>w ka\u017cdej modlitwie, w ka\u017cdym oddechu.<\/p>\n\n\n\n<figure class=\"wp-block-image size-large\"><img loading=\"lazy\" decoding=\"async\" width=\"1024\" height=\"432\" src=\"https:\/\/parafiaszyk.pl\/wp-content\/uploads\/2024\/11\/1000001213-1024x432.jpg\" alt=\"\" class=\"wp-image-4424\" srcset=\"https:\/\/parafiaszyk.pl\/wp-content\/uploads\/2024\/11\/1000001213-1024x432.jpg 1024w, https:\/\/parafiaszyk.pl\/wp-content\/uploads\/2024\/11\/1000001213-300x126.jpg 300w, https:\/\/parafiaszyk.pl\/wp-content\/uploads\/2024\/11\/1000001213-768x324.jpg 768w, https:\/\/parafiaszyk.pl\/wp-content\/uploads\/2024\/11\/1000001213.jpg 1044w\" sizes=\"auto, (max-width: 1024px) 100vw, 1024px\" \/><\/figure>\n\n\n\n<figure class=\"wp-block-embed is-type-video is-provider-youtube wp-block-embed-youtube wp-embed-aspect-4-3 wp-has-aspect-ratio\"><div class=\"wp-block-embed__wrapper\">\n<iframe loading=\"lazy\" title=\"DAMA - 123 Lata (Lyric Video)\" width=\"700\" height=\"525\" src=\"https:\/\/www.youtube.com\/embed\/rGNsoE-iPKI?feature=oembed\" frameborder=\"0\" allow=\"accelerometer; autoplay; clipboard-write; encrypted-media; gyroscope; picture-in-picture; web-share\" referrerpolicy=\"strict-origin-when-cross-origin\" allowfullscreen><\/iframe>\n<\/div><\/figure>\n\n\n\n<p class=\"has-text-align-center\">Bo\u017ce, za&nbsp;przyczyn\u0105 \u015bwi\u0119tego Andrzeja Boboli dope\u0142nij mi\u0142osierdzia nad&nbsp;nasz\u0105 Ojczyzn\u0105 i&nbsp;odwr\u00f3\u0107 gro\u017c\u0105ce jej niebezpiecze\u0144stwa. Natchnij m\u0105dro\u015bci\u0105 jej rz\u0105dc\u00f3w i&nbsp;przedstawicieli, a&nbsp;obywateli zgod\u0105 i&nbsp;sumienno\u015bci\u0105 w&nbsp;wype\u0142nianiu obowi\u0105zk\u00f3w. Daj jej kap\u0142an\u00f3w, zakonnik\u00f3w i&nbsp;zakonnice pe\u0142nych ducha Bo\u017cego i&nbsp;\u017carliwych o&nbsp;zbawienie dusz. Umocnij w&nbsp;niej ducha wiary i&nbsp;czysto\u015bci obyczaj\u00f3w, wyt\u0119p wszelkie z\u0142o. Niech&nbsp;rodzice i&nbsp;nauczyciele w&nbsp;boja\u017ani Bo\u017cej wychowuj\u0105 m\u0142odzie\u017c i&nbsp;przygotowuj\u0105 do&nbsp;\u017cycia w&nbsp;spo\u0142ecze\u0144stwie. Niech&nbsp;ogarnia wszystkich duch po\u015bwi\u0119cenia i&nbsp;ofiarno\u015bci wzgl\u0119dem Ko\u015bcio\u0142a i&nbsp;Ojczyzny, duch wzajemnej \u017cyczliwo\u015bci, jedno\u015bci i&nbsp;przebaczenia. Amen.<\/p>\n\n\n\n<p><em>Odwied\u017a r\u00f3wnie\u017c<\/em> \u2935\ufe0f<\/p>\n\n\n\n<p><a href=\"https:\/\/niepodlegla.gov.pl\/o-niepodleglej\/jak-to-z-tym-11-listopada-bylo-kilka-refleksji-o-niepodleglej-i-swietowaniu-jej-odzyskania\/\" data-type=\"link\" data-id=\"https:\/\/niepodlegla.gov.pl\/o-niepodleglej\/jak-to-z-tym-11-listopada-bylo-kilka-refleksji-o-niepodleglej-i-swietowaniu-jej-odzyskania\/\">https:\/\/niepodlegla.gov.pl\/o-niepodleglej\/jak-to-z-tym-11-listopada-bylo-kilka-refleksji-o-niepodleglej-i-swietowaniu-jej-odzyskania\/<\/a><\/p>\n","protected":false},"excerpt":{"rendered":"<p>11 LISTOPADA Niepodleg\u0142o\u015b\u0107 Oto dzie\u0144, co blaskiem wolno\u015bci ja\u015bnieje,przez krew i \u0142zy wywalczony przez wieki.Polska, co kiedy\u015b w kajdanach cierpie\u0144dzi\u015b wolna, dumnie wznosi powieki. Przez pola bitew, przez ciemne lasy,w szumie sztandar\u00f3w, w zrywach odwa\u017cnych,szli ci, co wolno\u015b\u0107 nosili w sercu,nawet gdy \u015bwiat zdawa\u0142 si\u0119 zdradza\u0107. Niepodleg\u0142o\u015b\u0107 \u2013 nie s\u0142owo na wietrze,lecz echo przodk\u00f3w, co &#8230; <span class=\"more\"><a class=\"more-link\" href=\"https:\/\/parafiaszyk.pl\/index.php\/2024\/11\/10\/swieto-niepodleglosci\/\">[Read more&#8230;]<\/a><\/span><\/p>\n","protected":false},"author":2,"featured_media":0,"comment_status":"closed","ping_status":"","sticky":false,"template":"","format":"standard","meta":{"footnotes":"","_links_to":"","_links_to_target":""},"categories":[1],"tags":[],"class_list":{"0":"entry","1":"post","2":"publish","3":"author-proboszcz","4":"post-4423","6":"format-standard","7":"category-uncategorized"},"_links":{"self":[{"href":"https:\/\/parafiaszyk.pl\/index.php\/wp-json\/wp\/v2\/posts\/4423","targetHints":{"allow":["GET"]}}],"collection":[{"href":"https:\/\/parafiaszyk.pl\/index.php\/wp-json\/wp\/v2\/posts"}],"about":[{"href":"https:\/\/parafiaszyk.pl\/index.php\/wp-json\/wp\/v2\/types\/post"}],"author":[{"embeddable":true,"href":"https:\/\/parafiaszyk.pl\/index.php\/wp-json\/wp\/v2\/users\/2"}],"replies":[{"embeddable":true,"href":"https:\/\/parafiaszyk.pl\/index.php\/wp-json\/wp\/v2\/comments?post=4423"}],"version-history":[{"count":3,"href":"https:\/\/parafiaszyk.pl\/index.php\/wp-json\/wp\/v2\/posts\/4423\/revisions"}],"predecessor-version":[{"id":4428,"href":"https:\/\/parafiaszyk.pl\/index.php\/wp-json\/wp\/v2\/posts\/4423\/revisions\/4428"}],"wp:attachment":[{"href":"https:\/\/parafiaszyk.pl\/index.php\/wp-json\/wp\/v2\/media?parent=4423"}],"wp:term":[{"taxonomy":"category","embeddable":true,"href":"https:\/\/parafiaszyk.pl\/index.php\/wp-json\/wp\/v2\/categories?post=4423"},{"taxonomy":"post_tag","embeddable":true,"href":"https:\/\/parafiaszyk.pl\/index.php\/wp-json\/wp\/v2\/tags?post=4423"}],"curies":[{"name":"wp","href":"https:\/\/api.w.org\/{rel}","templated":true}]}}