{"id":4029,"date":"2024-04-14T10:48:15","date_gmt":"2024-04-14T09:48:15","guid":{"rendered":"http:\/\/parafiaszyk.pl\/?p=4029"},"modified":"2024-04-14T10:48:15","modified_gmt":"2024-04-14T09:48:15","slug":"milosierni-samarytanie-z-markowej","status":"publish","type":"post","link":"https:\/\/parafiaszyk.pl\/index.php\/2024\/04\/14\/milosierni-samarytanie-z-markowej\/","title":{"rendered":"Mi\u0142osierni Samarytanie z Markowej"},"content":{"rendered":"\n<p class=\"has-text-align-center\">Wszechmog\u0105cy Bo\u017ce, Ty wzbudzi\u0142e\u015b w b\u0142ogos\u0142awionej rodzinie Ulm\u00f3w mi\u0142o\u015b\u0107 do prze\u015bladowanych i udzieli\u0142e\u015b im m\u0119stwa do niesienia pomocy a\u017c do m\u0119cze\u0144stwa. Pomna\u017caj w nas gotow\u0105 do po\u015bwi\u0119ce\u0144 mi\u0142o\u015b\u0107 Boga i bli\u017anich, aby\u015bmy odwa\u017cnie dawali \u015bwiadectwo naszej wierze. Przez Chrystusa, Pana naszego. Amen.<\/p>\n\n\n<div class=\"wp-block-image\">\n<figure class=\"aligncenter size-full\"><img loading=\"lazy\" decoding=\"async\" width=\"570\" height=\"768\" src=\"https:\/\/parafiaszyk.pl\/wp-content\/uploads\/2024\/04\/IMG_4588.jpeg\" alt=\"\" class=\"wp-image-4030\" srcset=\"https:\/\/parafiaszyk.pl\/wp-content\/uploads\/2024\/04\/IMG_4588.jpeg 570w, https:\/\/parafiaszyk.pl\/wp-content\/uploads\/2024\/04\/IMG_4588-223x300.jpeg 223w\" sizes=\"auto, (max-width: 570px) 100vw, 570px\" \/><\/figure><\/div>\n\n\n<p>W  Diecezji Tarnowskiej odbywa si\u0119 Peregrynacja Relikwi B\u0142ogos\u0142awionej Rodziny Ulm\u00f3w. Jutro w poniedzia\u0142ek 15.IV. Relikwie przyb\u0119d\u0105 do Bazyliki MB Bolesnej w Limanowej, nabo\u017ce\u0144stwo rozpocznie si\u0119 o godz. 17:00, a o godz. 18:00 zostanie odprawiona Uroczysta Msza \u015aw. Po\u017cegnanie Relikwi B\u0142. Rodz. Ulm\u00f3w we wtorek 16.IV. o godz. 14:00. <\/p>\n\n\n\n<p class=\"has-text-align-center\"><em>Podzi\u0119kowania i pro\u015bby za przyczyn\u0105 b\u0142. Rodziny Ulm\u00f3w i ich Dzieci : <\/em><\/p>\n\n\n\n<p class=\"has-text-align-center\"><a href=\"https:\/\/ulmowie.pl\/\">https:\/\/ulmowie.pl\/<\/a><\/p>\n","protected":false},"excerpt":{"rendered":"<p>Wszechmog\u0105cy Bo\u017ce, Ty wzbudzi\u0142e\u015b w b\u0142ogos\u0142awionej rodzinie Ulm\u00f3w mi\u0142o\u015b\u0107 do prze\u015bladowanych i udzieli\u0142e\u015b im m\u0119stwa do niesienia pomocy a\u017c do m\u0119cze\u0144stwa. Pomna\u017caj w nas gotow\u0105 do po\u015bwi\u0119ce\u0144 mi\u0142o\u015b\u0107 Boga i bli\u017anich, aby\u015bmy odwa\u017cnie dawali \u015bwiadectwo naszej wierze. Przez Chrystusa, Pana naszego. Amen. W Diecezji Tarnowskiej odbywa si\u0119 Peregrynacja Relikwi B\u0142ogos\u0142awionej Rodziny Ulm\u00f3w. Jutro w poniedzia\u0142ek &#8230; <span class=\"more\"><a class=\"more-link\" href=\"https:\/\/parafiaszyk.pl\/index.php\/2024\/04\/14\/milosierni-samarytanie-z-markowej\/\">[Read more&#8230;]<\/a><\/span><\/p>\n","protected":false},"author":2,"featured_media":0,"comment_status":"closed","ping_status":"","sticky":false,"template":"","format":"standard","meta":{"footnotes":"[]","_links_to":"","_links_to_target":""},"categories":[1],"tags":[],"class_list":{"0":"entry","1":"post","2":"publish","3":"author-proboszcz","4":"post-4029","6":"format-standard","7":"category-uncategorized"},"_links":{"self":[{"href":"https:\/\/parafiaszyk.pl\/index.php\/wp-json\/wp\/v2\/posts\/4029","targetHints":{"allow":["GET"]}}],"collection":[{"href":"https:\/\/parafiaszyk.pl\/index.php\/wp-json\/wp\/v2\/posts"}],"about":[{"href":"https:\/\/parafiaszyk.pl\/index.php\/wp-json\/wp\/v2\/types\/post"}],"author":[{"embeddable":true,"href":"https:\/\/parafiaszyk.pl\/index.php\/wp-json\/wp\/v2\/users\/2"}],"replies":[{"embeddable":true,"href":"https:\/\/parafiaszyk.pl\/index.php\/wp-json\/wp\/v2\/comments?post=4029"}],"version-history":[{"count":1,"href":"https:\/\/parafiaszyk.pl\/index.php\/wp-json\/wp\/v2\/posts\/4029\/revisions"}],"predecessor-version":[{"id":4031,"href":"https:\/\/parafiaszyk.pl\/index.php\/wp-json\/wp\/v2\/posts\/4029\/revisions\/4031"}],"wp:attachment":[{"href":"https:\/\/parafiaszyk.pl\/index.php\/wp-json\/wp\/v2\/media?parent=4029"}],"wp:term":[{"taxonomy":"category","embeddable":true,"href":"https:\/\/parafiaszyk.pl\/index.php\/wp-json\/wp\/v2\/categories?post=4029"},{"taxonomy":"post_tag","embeddable":true,"href":"https:\/\/parafiaszyk.pl\/index.php\/wp-json\/wp\/v2\/tags?post=4029"}],"curies":[{"name":"wp","href":"https:\/\/api.w.org\/{rel}","templated":true}]}}