{"id":3965,"date":"2024-03-28T09:46:06","date_gmt":"2024-03-28T08:46:06","guid":{"rendered":"http:\/\/parafiaszyk.pl\/?p=3965"},"modified":"2024-03-28T09:46:06","modified_gmt":"2024-03-28T08:46:06","slug":"wielki-czwartek-2","status":"publish","type":"post","link":"https:\/\/parafiaszyk.pl\/index.php\/2024\/03\/28\/wielki-czwartek-2\/","title":{"rendered":"WIELKI CZWARTEK"},"content":{"rendered":"\n<p>28 marca  2024r. <br><strong><mark style=\"background-color:rgba(0, 0, 0, 0)\" class=\"has-inline-color has-vivid-purple-color\">Wielki Czwartek: Msza Wieczerzy Pa\u0144skiej Ustanowienie Kap\u0142a\u0144stwa <\/mark><\/strong><\/p>\n\n\n\n<p>W dniu 28 marca 2024 roku, wierni na ca\u0142ym \u015bwiecie uczestnicz\u0105 w uroczysto\u015bci Wielkiego Czwartku, obchodz\u0105cym Msz\u0119 Wieczerzy Pa\u0144skiej. W ten dzie\u0144 Ko\u015bci\u00f3\u0142 katolicki upami\u0119tnia ostatni\u0105 wieczerz\u0119 Jezusa Chrystusa z jego uczniami, podczas kt\u00f3rej ustanowi\u0142 Eucharysti\u0119. Msza Wieczerzy Pa\u0144skiej nie tylko przypomina o mi\u0142o\u015bci i pokorze, ale tak\u017ce podkre\u015bla znaczenie kap\u0142a\u0144stwa. Jezus, b\u0119d\u0105c kap\u0142anem wieczystym wed\u0142ug porz\u0105dku Melchizedeka, w czasie tej ostatniej wieczerzy powierzy\u0142 swoim aposto\u0142om kap\u0142a\u0144stwo sakramentalne, kt\u00f3re ma by\u0107 kontynuowane w Ko\u015bciele przez biskup\u00f3w i kap\u0142an\u00f3w a\u017c do dzi\u015b. Wielki Czwartek rozpoczyna Triduum Paschalne, czyli trzydniowe obchody m\u0119ki, \u015bmierci i zmartwychwstania Chrystusa. Dla chrze\u015bcijan jest to czas g\u0142\u0119bokiego duchowego zanurzenia si\u0119 w tajemnic\u0119 zbawienia. Z okazji Wielkiego Czwartku, Ko\u015bci\u00f3\u0142 katolicki wzywa wiernych do modlitwy, pokuty i kontemplacji, przygotowuj\u0105c ich na obchody Wielkanocy, najwa\u017cniejszego \u015bwi\u0119ta chrze\u015bcija\u0144skiego. <\/p>\n\n\n\n<p><\/p>\n\n\n\n<figure class=\"wp-block-image size-large\"><img loading=\"lazy\" decoding=\"async\" width=\"1024\" height=\"1017\" src=\"https:\/\/parafiaszyk.pl\/wp-content\/uploads\/2024\/03\/IMG_4542-1024x1017.jpeg\" alt=\"\" class=\"wp-image-3966\" srcset=\"https:\/\/parafiaszyk.pl\/wp-content\/uploads\/2024\/03\/IMG_4542-1024x1017.jpeg 1024w, https:\/\/parafiaszyk.pl\/wp-content\/uploads\/2024\/03\/IMG_4542-300x298.jpeg 300w, https:\/\/parafiaszyk.pl\/wp-content\/uploads\/2024\/03\/IMG_4542-150x150.jpeg 150w, https:\/\/parafiaszyk.pl\/wp-content\/uploads\/2024\/03\/IMG_4542-768x763.jpeg 768w, https:\/\/parafiaszyk.pl\/wp-content\/uploads\/2024\/03\/IMG_4542.jpeg 1162w\" sizes=\"auto, (max-width: 1024px) 100vw, 1024px\" \/><\/figure>\n","protected":false},"excerpt":{"rendered":"<p>28 marca 2024r. Wielki Czwartek: Msza Wieczerzy Pa\u0144skiej Ustanowienie Kap\u0142a\u0144stwa W dniu 28 marca 2024 roku, wierni na ca\u0142ym \u015bwiecie uczestnicz\u0105 w uroczysto\u015bci Wielkiego Czwartku, obchodz\u0105cym Msz\u0119 Wieczerzy Pa\u0144skiej. W ten dzie\u0144 Ko\u015bci\u00f3\u0142 katolicki upami\u0119tnia ostatni\u0105 wieczerz\u0119 Jezusa Chrystusa z jego uczniami, podczas kt\u00f3rej ustanowi\u0142 Eucharysti\u0119. Msza Wieczerzy Pa\u0144skiej nie tylko przypomina o mi\u0142o\u015bci i &#8230; <span class=\"more\"><a class=\"more-link\" href=\"https:\/\/parafiaszyk.pl\/index.php\/2024\/03\/28\/wielki-czwartek-2\/\">[Read more&#8230;]<\/a><\/span><\/p>\n","protected":false},"author":2,"featured_media":0,"comment_status":"closed","ping_status":"","sticky":false,"template":"","format":"standard","meta":{"footnotes":"","_links_to":"","_links_to_target":""},"categories":[1],"tags":[],"class_list":{"0":"entry","1":"post","2":"publish","3":"author-proboszcz","4":"post-3965","6":"format-standard","7":"category-uncategorized"},"_links":{"self":[{"href":"https:\/\/parafiaszyk.pl\/index.php\/wp-json\/wp\/v2\/posts\/3965","targetHints":{"allow":["GET"]}}],"collection":[{"href":"https:\/\/parafiaszyk.pl\/index.php\/wp-json\/wp\/v2\/posts"}],"about":[{"href":"https:\/\/parafiaszyk.pl\/index.php\/wp-json\/wp\/v2\/types\/post"}],"author":[{"embeddable":true,"href":"https:\/\/parafiaszyk.pl\/index.php\/wp-json\/wp\/v2\/users\/2"}],"replies":[{"embeddable":true,"href":"https:\/\/parafiaszyk.pl\/index.php\/wp-json\/wp\/v2\/comments?post=3965"}],"version-history":[{"count":1,"href":"https:\/\/parafiaszyk.pl\/index.php\/wp-json\/wp\/v2\/posts\/3965\/revisions"}],"predecessor-version":[{"id":3967,"href":"https:\/\/parafiaszyk.pl\/index.php\/wp-json\/wp\/v2\/posts\/3965\/revisions\/3967"}],"wp:attachment":[{"href":"https:\/\/parafiaszyk.pl\/index.php\/wp-json\/wp\/v2\/media?parent=3965"}],"wp:term":[{"taxonomy":"category","embeddable":true,"href":"https:\/\/parafiaszyk.pl\/index.php\/wp-json\/wp\/v2\/categories?post=3965"},{"taxonomy":"post_tag","embeddable":true,"href":"https:\/\/parafiaszyk.pl\/index.php\/wp-json\/wp\/v2\/tags?post=3965"}],"curies":[{"name":"wp","href":"https:\/\/api.w.org\/{rel}","templated":true}]}}