{"id":3899,"date":"2024-03-01T09:42:31","date_gmt":"2024-03-01T08:42:31","guid":{"rendered":"http:\/\/parafiaszyk.pl\/?p=3899"},"modified":"2024-03-01T09:42:31","modified_gmt":"2024-03-01T08:42:31","slug":"dzien-pamieci-zolnierzy-wykletych","status":"publish","type":"post","link":"https:\/\/parafiaszyk.pl\/index.php\/2024\/03\/01\/dzien-pamieci-zolnierzy-wykletych\/","title":{"rendered":"DZIE\u0143 PAMI\u0118CI \u017bo\u0142nierzy Wykl\u0119tych"},"content":{"rendered":"\n<p>\u201e[\u2026]Spojrza\u0142em w g\u00f3r\u0119 &#8211; pusto. Tylko orze\u0142 chroni\u0105cy swe orl\u0119ta przed s\u0119pem. Jak on &#8211; broni\u0142em mego gniazda, nara\u017caj\u0105c w\u0142asne \u017cycie. Przede mn\u0105 wy\u0142oni\u0142a si\u0119 rzeka, kt\u00f3ra jak skarpa przecina\u0142a polan\u0119. Resztkami si\u0142 doczo\u0142ga\u0142em si\u0119 do bystrego strumyka. Z\u0142o\u017cy\u0142em utrudzone d\u0142onie i zaczerpn\u0105\u0142em czystej i nieskazitelnej wody. Gdyby taka by\u0142a Polska\u2026 lecz nic wi\u0119cej powiedzie\u0107 nie potrafi\u0142em.\u00a0<\/p>\n\n\n\n<p>Po\u0142o\u017cy\u0142em oci\u0119\u017ca\u0142\u0105 twarz na ziemi\u0119. Nie by\u0142o ju\u017c s\u0142ycha\u0107 odg\u0142os\u00f3w wystrza\u0142\u00f3w, kt\u00f3re nios\u0142y \u015bmier\u0107 mym towarzyszom broni. Wok\u00f3\u0142 siebie coraz ciszej s\u0142ysza\u0142em tylko \u015bpiew sikorek, kt\u00f3ry tyle razy koi\u0142 m\u0105 spragnion\u0105 spokoju dusz\u0119. Czy by\u0142o warto? Ostatni ze wszystkich wojownik\u00f3w Kres\u00f3w. Przypomnia\u0142em sobie motto, kt\u00f3re tyle razy powtarza\u0142em mym \u017co\u0142nierzom:,,Nic dla siebie, wszystko dla Ojczyzny\u2019\u2019. Udowodni\u0142em to dzi\u015b krwi\u0105. Prze\u017cegna\u0142em si\u0119, poca\u0142owa\u0142em ziemi\u0119, kt\u00f3r\u0105 tak ukocha\u0142em i kt\u00f3rej po\u015bwi\u0119ci\u0142em ca\u0142e \u017cycie i cicho, bez salw honorowych odszed\u0142em, by na wieki s\u0142u\u017cy\u0107 w hufcu Maryi.\u201d<\/p>\n\n\n\n<p>\u0179r\u00f3d\u0142o: <em><strong>\u201eOstatnia droga\u201d<\/strong><\/em><\/p>\n\n\n\n<p>Autor: <em><strong>Piotr Galus<\/strong><\/em><\/p>\n\n\n\n<figure class=\"wp-block-embed is-type-video is-provider-youtube wp-block-embed-youtube wp-embed-aspect-16-9 wp-has-aspect-ratio\"><div class=\"wp-block-embed__wrapper\">\n<iframe loading=\"lazy\" title=\"\u017bo\u0142nierze Wykl\u0119ci | Polimaty #66\" width=\"700\" height=\"394\" src=\"https:\/\/www.youtube.com\/embed\/NAN3FE_lefA?feature=oembed\" frameborder=\"0\" allow=\"accelerometer; autoplay; clipboard-write; encrypted-media; gyroscope; picture-in-picture; web-share\" allowfullscreen><\/iframe>\n<\/div><\/figure>\n","protected":false},"excerpt":{"rendered":"<p>\u201e[\u2026]Spojrza\u0142em w g\u00f3r\u0119 &#8211; pusto. Tylko orze\u0142 chroni\u0105cy swe orl\u0119ta przed s\u0119pem. Jak on &#8211; broni\u0142em mego gniazda, nara\u017caj\u0105c w\u0142asne \u017cycie. Przede mn\u0105 wy\u0142oni\u0142a si\u0119 rzeka, kt\u00f3ra jak skarpa przecina\u0142a polan\u0119. Resztkami si\u0142 doczo\u0142ga\u0142em si\u0119 do bystrego strumyka. Z\u0142o\u017cy\u0142em utrudzone d\u0142onie i zaczerpn\u0105\u0142em czystej i nieskazitelnej wody. Gdyby taka by\u0142a Polska\u2026 lecz nic wi\u0119cej powiedzie\u0107 &#8230; <span class=\"more\"><a class=\"more-link\" href=\"https:\/\/parafiaszyk.pl\/index.php\/2024\/03\/01\/dzien-pamieci-zolnierzy-wykletych\/\">[Read more&#8230;]<\/a><\/span><\/p>\n","protected":false},"author":2,"featured_media":0,"comment_status":"closed","ping_status":"","sticky":false,"template":"","format":"standard","meta":{"footnotes":"","_links_to":"","_links_to_target":""},"categories":[1],"tags":[],"class_list":{"0":"entry","1":"post","2":"publish","3":"author-proboszcz","4":"post-3899","6":"format-standard","7":"category-uncategorized"},"_links":{"self":[{"href":"https:\/\/parafiaszyk.pl\/index.php\/wp-json\/wp\/v2\/posts\/3899","targetHints":{"allow":["GET"]}}],"collection":[{"href":"https:\/\/parafiaszyk.pl\/index.php\/wp-json\/wp\/v2\/posts"}],"about":[{"href":"https:\/\/parafiaszyk.pl\/index.php\/wp-json\/wp\/v2\/types\/post"}],"author":[{"embeddable":true,"href":"https:\/\/parafiaszyk.pl\/index.php\/wp-json\/wp\/v2\/users\/2"}],"replies":[{"embeddable":true,"href":"https:\/\/parafiaszyk.pl\/index.php\/wp-json\/wp\/v2\/comments?post=3899"}],"version-history":[{"count":1,"href":"https:\/\/parafiaszyk.pl\/index.php\/wp-json\/wp\/v2\/posts\/3899\/revisions"}],"predecessor-version":[{"id":3900,"href":"https:\/\/parafiaszyk.pl\/index.php\/wp-json\/wp\/v2\/posts\/3899\/revisions\/3900"}],"wp:attachment":[{"href":"https:\/\/parafiaszyk.pl\/index.php\/wp-json\/wp\/v2\/media?parent=3899"}],"wp:term":[{"taxonomy":"category","embeddable":true,"href":"https:\/\/parafiaszyk.pl\/index.php\/wp-json\/wp\/v2\/categories?post=3899"},{"taxonomy":"post_tag","embeddable":true,"href":"https:\/\/parafiaszyk.pl\/index.php\/wp-json\/wp\/v2\/tags?post=3899"}],"curies":[{"name":"wp","href":"https:\/\/api.w.org\/{rel}","templated":true}]}}