{"id":3723,"date":"2023-12-21T11:28:32","date_gmt":"2023-12-21T10:28:32","guid":{"rendered":"http:\/\/parafiaszyk.pl\/?p=3723"},"modified":"2023-12-21T11:28:32","modified_gmt":"2023-12-21T10:28:32","slug":"wspolne-koledowanie","status":"publish","type":"post","link":"https:\/\/parafiaszyk.pl\/index.php\/2023\/12\/21\/wspolne-koledowanie\/","title":{"rendered":"WSP\u00d3LNE KOL\u0118DOWANIE\u2026"},"content":{"rendered":"\n<figure class=\"wp-block-image size-full\"><img loading=\"lazy\" decoding=\"async\" width=\"1024\" height=\"1024\" src=\"https:\/\/parafiaszyk.pl\/wp-content\/uploads\/2023\/12\/IMG_3965.jpeg\" alt=\"\" class=\"wp-image-3724\" srcset=\"https:\/\/parafiaszyk.pl\/wp-content\/uploads\/2023\/12\/IMG_3965.jpeg 1024w, https:\/\/parafiaszyk.pl\/wp-content\/uploads\/2023\/12\/IMG_3965-300x300.jpeg 300w, https:\/\/parafiaszyk.pl\/wp-content\/uploads\/2023\/12\/IMG_3965-150x150.jpeg 150w, https:\/\/parafiaszyk.pl\/wp-content\/uploads\/2023\/12\/IMG_3965-768x768.jpeg 768w\" sizes=\"auto, (max-width: 1024px) 100vw, 1024px\" \/><\/figure>\n\n\n\n<p class=\"has-text-align-center\">W Noc Wigilijn\u0105 nazywan\u0105 Pasterk\u0105 , o godz. 23:00 M\u0142odzie\u017c naszej parafii ,zaprasza wszyskich Parafian do wsp\u00f3lnego kol\u0119dowania oraz adoracji narodzonego dla \u015awiata Dzieci\u0105tka Jezus. <br>Zapraszamy do wsp\u00f3lnego kol\u0119dowania \ud83d\ude07<\/p>\n\n\n\n<p><\/p>\n","protected":false},"excerpt":{"rendered":"<p>W Noc Wigilijn\u0105 nazywan\u0105 Pasterk\u0105 , o godz. 23:00 M\u0142odzie\u017c naszej parafii ,zaprasza wszyskich Parafian do wsp\u00f3lnego kol\u0119dowania oraz adoracji narodzonego dla \u015awiata Dzieci\u0105tka Jezus. Zapraszamy do wsp\u00f3lnego kol\u0119dowania \ud83d\ude07<\/p>\n","protected":false},"author":2,"featured_media":0,"comment_status":"closed","ping_status":"","sticky":false,"template":"","format":"standard","meta":{"footnotes":"","_links_to":"","_links_to_target":""},"categories":[1],"tags":[],"class_list":{"0":"entry","1":"post","2":"publish","3":"author-proboszcz","4":"post-3723","6":"format-standard","7":"category-uncategorized"},"_links":{"self":[{"href":"https:\/\/parafiaszyk.pl\/index.php\/wp-json\/wp\/v2\/posts\/3723","targetHints":{"allow":["GET"]}}],"collection":[{"href":"https:\/\/parafiaszyk.pl\/index.php\/wp-json\/wp\/v2\/posts"}],"about":[{"href":"https:\/\/parafiaszyk.pl\/index.php\/wp-json\/wp\/v2\/types\/post"}],"author":[{"embeddable":true,"href":"https:\/\/parafiaszyk.pl\/index.php\/wp-json\/wp\/v2\/users\/2"}],"replies":[{"embeddable":true,"href":"https:\/\/parafiaszyk.pl\/index.php\/wp-json\/wp\/v2\/comments?post=3723"}],"version-history":[{"count":1,"href":"https:\/\/parafiaszyk.pl\/index.php\/wp-json\/wp\/v2\/posts\/3723\/revisions"}],"predecessor-version":[{"id":3725,"href":"https:\/\/parafiaszyk.pl\/index.php\/wp-json\/wp\/v2\/posts\/3723\/revisions\/3725"}],"wp:attachment":[{"href":"https:\/\/parafiaszyk.pl\/index.php\/wp-json\/wp\/v2\/media?parent=3723"}],"wp:term":[{"taxonomy":"category","embeddable":true,"href":"https:\/\/parafiaszyk.pl\/index.php\/wp-json\/wp\/v2\/categories?post=3723"},{"taxonomy":"post_tag","embeddable":true,"href":"https:\/\/parafiaszyk.pl\/index.php\/wp-json\/wp\/v2\/tags?post=3723"}],"curies":[{"name":"wp","href":"https:\/\/api.w.org\/{rel}","templated":true}]}}