{"id":3629,"date":"2023-12-04T17:20:32","date_gmt":"2023-12-04T16:20:32","guid":{"rendered":"http:\/\/parafiaszyk.pl\/?p=3629"},"modified":"2023-12-22T15:47:26","modified_gmt":"2023-12-22T14:47:26","slug":"wytrychy-sw-antoniego","status":"publish","type":"post","link":"https:\/\/parafiaszyk.pl\/index.php\/2023\/12\/04\/wytrychy-sw-antoniego\/","title":{"rendered":"Wytrychy \u015bw.Antoniego"},"content":{"rendered":"\n<p><em>#FranciszkanieTV<\/em><\/p>\n\n\n\n<p><strong>REKOLEKCJE ADWENTOWE<\/strong> <strong>2023<\/strong><\/p>\n\n\n\n<figure class=\"wp-block-image size-full is-resized\"><img loading=\"lazy\" decoding=\"async\" width=\"547\" height=\"297\" src=\"https:\/\/parafiaszyk.pl\/wp-content\/uploads\/2023\/12\/IMG_3874.jpeg\" alt=\"\" class=\"wp-image-3631\" style=\"aspect-ratio:1.8417508417508417;width:297px;height:auto\" srcset=\"https:\/\/parafiaszyk.pl\/wp-content\/uploads\/2023\/12\/IMG_3874.jpeg 547w, https:\/\/parafiaszyk.pl\/wp-content\/uploads\/2023\/12\/IMG_3874-300x163.jpeg 300w\" sizes=\"auto, (max-width: 547px) 100vw, 547px\" \/><\/figure>\n\n\n\n<p class=\"has-text-align-center\"><strong>\u201eZmielone uczynki i powody rado\u015bci\u2026\u201d<\/strong><\/p>\n\n\n\n<figure class=\"wp-block-embed is-type-video is-provider-youtube wp-block-embed-youtube wp-embed-aspect-16-9 wp-has-aspect-ratio\"><div class=\"wp-block-embed__wrapper\">\n<iframe loading=\"lazy\" title=\"Adwent 2023: odcinek 20\" width=\"700\" height=\"394\" src=\"https:\/\/www.youtube.com\/embed\/zepqz3_rOtc?feature=oembed\" frameborder=\"0\" allow=\"accelerometer; autoplay; clipboard-write; encrypted-media; gyroscope; picture-in-picture; web-share\" allowfullscreen><\/iframe>\n<\/div><\/figure>\n\n\n\n<p class=\"has-text-align-center\"><strong>\u201e Ksi\u0105\u017c\u0119 \u015bwi\u0144 i zag\u0142\u0119bienia ska\u0142y\u2026\u201d<\/strong><\/p>\n\n\n\n<figure class=\"wp-block-embed is-type-video is-provider-youtube wp-block-embed-youtube wp-embed-aspect-16-9 wp-has-aspect-ratio\"><div class=\"wp-block-embed__wrapper\">\n<iframe loading=\"lazy\" title=\"Adwent 2023: odcinek 19\" width=\"700\" height=\"394\" src=\"https:\/\/www.youtube.com\/embed\/fv5sdVHru3w?feature=oembed\" frameborder=\"0\" allow=\"accelerometer; autoplay; clipboard-write; encrypted-media; gyroscope; picture-in-picture; web-share\" allowfullscreen><\/iframe>\n<\/div><\/figure>\n\n\n\n<p class=\"has-text-align-center\"><\/p>\n\n\n\n<p class=\"has-text-align-center\"><\/p>\n\n\n\n<p class=\"has-text-align-center\"><\/p>\n\n\n\n<p class=\"has-text-align-center\"><\/p>\n\n\n\n<p class=\"has-text-align-center\"><\/p>\n\n\n\n<p class=\"has-text-align-center\"><\/p>\n\n\n\n<p class=\"has-text-align-center\"><\/p>\n\n\n\n<p class=\"has-text-align-center\"><\/p>\n\n\n\n<p class=\"has-text-align-center\"><\/p>\n\n\n\n<p class=\"has-text-align-center\"><\/p>\n\n\n\n<p class=\"has-text-align-center\"><\/p>\n\n\n\n<p><\/p>\n","protected":false},"excerpt":{"rendered":"<p>#FranciszkanieTV REKOLEKCJE ADWENTOWE 2023 \u201eZmielone uczynki i powody rado\u015bci\u2026\u201d \u201e Ksi\u0105\u017c\u0119 \u015bwi\u0144 i zag\u0142\u0119bienia ska\u0142y\u2026\u201d<\/p>\n","protected":false},"author":2,"featured_media":0,"comment_status":"closed","ping_status":"","sticky":false,"template":"","format":"standard","meta":{"footnotes":"","_links_to":"","_links_to_target":""},"categories":[1],"tags":[],"class_list":{"0":"entry","1":"post","2":"publish","3":"author-proboszcz","4":"post-3629","6":"format-standard","7":"category-uncategorized"},"_links":{"self":[{"href":"https:\/\/parafiaszyk.pl\/index.php\/wp-json\/wp\/v2\/posts\/3629","targetHints":{"allow":["GET"]}}],"collection":[{"href":"https:\/\/parafiaszyk.pl\/index.php\/wp-json\/wp\/v2\/posts"}],"about":[{"href":"https:\/\/parafiaszyk.pl\/index.php\/wp-json\/wp\/v2\/types\/post"}],"author":[{"embeddable":true,"href":"https:\/\/parafiaszyk.pl\/index.php\/wp-json\/wp\/v2\/users\/2"}],"replies":[{"embeddable":true,"href":"https:\/\/parafiaszyk.pl\/index.php\/wp-json\/wp\/v2\/comments?post=3629"}],"version-history":[{"count":17,"href":"https:\/\/parafiaszyk.pl\/index.php\/wp-json\/wp\/v2\/posts\/3629\/revisions"}],"predecessor-version":[{"id":3729,"href":"https:\/\/parafiaszyk.pl\/index.php\/wp-json\/wp\/v2\/posts\/3629\/revisions\/3729"}],"wp:attachment":[{"href":"https:\/\/parafiaszyk.pl\/index.php\/wp-json\/wp\/v2\/media?parent=3629"}],"wp:term":[{"taxonomy":"category","embeddable":true,"href":"https:\/\/parafiaszyk.pl\/index.php\/wp-json\/wp\/v2\/categories?post=3629"},{"taxonomy":"post_tag","embeddable":true,"href":"https:\/\/parafiaszyk.pl\/index.php\/wp-json\/wp\/v2\/tags?post=3629"}],"curies":[{"name":"wp","href":"https:\/\/api.w.org\/{rel}","templated":true}]}}