{"id":3624,"date":"2023-12-02T20:10:23","date_gmt":"2023-12-02T19:10:23","guid":{"rendered":"http:\/\/parafiaszyk.pl\/?p=3624"},"modified":"2023-12-02T20:12:21","modified_gmt":"2023-12-02T19:12:21","slug":"i-niedziela-adwentu-2","status":"publish","type":"post","link":"https:\/\/parafiaszyk.pl\/index.php\/2023\/12\/02\/i-niedziela-adwentu-2\/","title":{"rendered":"I NIEDZIELA ADWENTU"},"content":{"rendered":"\n<p class=\"has-text-align-center\"><strong>\u201eBarbaro \u015awi\u0119ta, Per\u0142o Jezusowa\u2026\u201d<\/strong><\/p>\n\n\n\n<figure class=\"wp-block-image size-full\"><img loading=\"lazy\" decoding=\"async\" width=\"410\" height=\"600\" src=\"https:\/\/parafiaszyk.pl\/wp-content\/uploads\/2023\/12\/IMG_3866.jpeg\" alt=\"\" class=\"wp-image-3625\" srcset=\"https:\/\/parafiaszyk.pl\/wp-content\/uploads\/2023\/12\/IMG_3866.jpeg 410w, https:\/\/parafiaszyk.pl\/wp-content\/uploads\/2023\/12\/IMG_3866-205x300.jpeg 205w\" sizes=\"auto, (max-width: 410px) 100vw, 410px\" \/><\/figure>\n\n\n\n<p>Dzisiejsza niedziela to przede wszystkim odpust w naszej Parafii, kt\u00f3rej patronuje \u015bw. Barbara. Pomimo tego, \u017ce co roku przypomniany  zostaje \u017cyciorys \u015awi\u0119tej oraz jej m\u0119cze\u0144ska \u015bmier\u0107 ; warto przypomina\u0107 o wielkim wstawiennictwie naszej Patronki w godzinie \u015bmierci ,a wi\u0119c w najwa\u017cniejszym momencie dla ka\u017cdego cz\u0142owieka. <br>M\u00f3dlmy si\u0119 przez wstawiennictwo \u015bw. Barbary o to aby\u015bmy byli przygotowani na godzin\u0119 \u015bmierci, wolni od tego wszystkiego co stanowi ziemskie przywi\u0105zania, kt\u00f3re mog\u0105 zas\u0142ania\u0107 nam wieczno\u015b\u0107. Polecajmy naszych bliskich zmar\u0142ych, kap\u0142an\u00f3w pracuj\u0105cych w naszej parafii, ludzi kt\u00f3rzy po\u015bwi\u0119cili swoje \u017cycie w s\u0142u\u017cbie dla parafii ; w tym szczeg\u00f3lnym dla naszej wsp\u00f3lnoty dniu . <br><strong>\u015awi\u0119ta Barbara \u2013 ciesz\u0105ca si\u0119 wielkim kultem zar\u00f3wno w Ko\u015bcio\u0142ach wschodnich, jak i Ko\u015bciele zachodnim \u2013 jest patronk\u0105 g\u00f3rnik\u00f3w i ludzi, kt\u00f3rym grozi nag\u0142a \u015bmier\u0107 podczas pracy. W czasie tortur, zanim jeszcze w\u0142asny ojciec \u015bci\u0105\u0142 jej g\u0142ow\u0119, pobo\u017cna dziewczyna z Nikomedii prosi\u0142a Boga, aby wszyscy, kt\u00f3rzy w przysz\u0142o\u015bci uczcz\u0105 jej pami\u0119\u0107, dost\u0105pili w godzin\u0119 swojej \u015bmierci \u0142aski przyj\u0119cia Komunii \u015awi\u0119tej.<\/strong><\/p>\n\n\n\n<p>Od wiek\u00f3w wierzono zatem, \u017ce kto \u017cywi wielkie nabo\u017ce\u0144stwo do \u015bwi\u0119tej Barbary \u2013 patronki dobrej \u015bmierci, nie opu\u015bci tego \u015bwiata nieopatrzony \u015bwi\u0119tymi sakramentami i dlatego wi\u0119kszo\u015b\u0107 cud\u00f3w i \u0142ask przypisywanych jej wstawiennictwu dotyczy w\u0142a\u015bnie pociechy, kt\u00f3r\u0105 \u015bwi\u0119ta przynosi umieraj\u0105cym.<\/p>\n\n\n\n<figure class=\"wp-block-embed is-type-video is-provider-youtube wp-block-embed-youtube wp-embed-aspect-16-9 wp-has-aspect-ratio\"><div class=\"wp-block-embed__wrapper\">\n<iframe loading=\"lazy\" title=\"1 Niedziela Adwentu rok B ks Marek Studenski Szklanka Dobrej Rozmowy\" width=\"700\" height=\"394\" src=\"https:\/\/www.youtube.com\/embed\/Dp_NOoC0838?feature=oembed\" frameborder=\"0\" allow=\"accelerometer; autoplay; clipboard-write; encrypted-media; gyroscope; picture-in-picture; web-share\" allowfullscreen><\/iframe>\n<\/div><\/figure>\n","protected":false},"excerpt":{"rendered":"<p>\u201eBarbaro \u015awi\u0119ta, Per\u0142o Jezusowa\u2026\u201d Dzisiejsza niedziela to przede wszystkim odpust w naszej Parafii, kt\u00f3rej patronuje \u015bw. Barbara. Pomimo tego, \u017ce co roku przypomniany zostaje \u017cyciorys \u015awi\u0119tej oraz jej m\u0119cze\u0144ska \u015bmier\u0107 ; warto przypomina\u0107 o wielkim wstawiennictwie naszej Patronki w godzinie \u015bmierci ,a wi\u0119c w najwa\u017cniejszym momencie dla ka\u017cdego cz\u0142owieka. M\u00f3dlmy si\u0119 przez wstawiennictwo \u015bw. Barbary &#8230; <span class=\"more\"><a class=\"more-link\" href=\"https:\/\/parafiaszyk.pl\/index.php\/2023\/12\/02\/i-niedziela-adwentu-2\/\">[Read more&#8230;]<\/a><\/span><\/p>\n","protected":false},"author":2,"featured_media":0,"comment_status":"closed","ping_status":"","sticky":false,"template":"","format":"standard","meta":{"footnotes":"","_links_to":"","_links_to_target":""},"categories":[1],"tags":[],"class_list":{"0":"entry","1":"post","2":"publish","3":"author-proboszcz","4":"post-3624","6":"format-standard","7":"category-uncategorized"},"_links":{"self":[{"href":"https:\/\/parafiaszyk.pl\/index.php\/wp-json\/wp\/v2\/posts\/3624","targetHints":{"allow":["GET"]}}],"collection":[{"href":"https:\/\/parafiaszyk.pl\/index.php\/wp-json\/wp\/v2\/posts"}],"about":[{"href":"https:\/\/parafiaszyk.pl\/index.php\/wp-json\/wp\/v2\/types\/post"}],"author":[{"embeddable":true,"href":"https:\/\/parafiaszyk.pl\/index.php\/wp-json\/wp\/v2\/users\/2"}],"replies":[{"embeddable":true,"href":"https:\/\/parafiaszyk.pl\/index.php\/wp-json\/wp\/v2\/comments?post=3624"}],"version-history":[{"count":3,"href":"https:\/\/parafiaszyk.pl\/index.php\/wp-json\/wp\/v2\/posts\/3624\/revisions"}],"predecessor-version":[{"id":3628,"href":"https:\/\/parafiaszyk.pl\/index.php\/wp-json\/wp\/v2\/posts\/3624\/revisions\/3628"}],"wp:attachment":[{"href":"https:\/\/parafiaszyk.pl\/index.php\/wp-json\/wp\/v2\/media?parent=3624"}],"wp:term":[{"taxonomy":"category","embeddable":true,"href":"https:\/\/parafiaszyk.pl\/index.php\/wp-json\/wp\/v2\/categories?post=3624"},{"taxonomy":"post_tag","embeddable":true,"href":"https:\/\/parafiaszyk.pl\/index.php\/wp-json\/wp\/v2\/tags?post=3624"}],"curies":[{"name":"wp","href":"https:\/\/api.w.org\/{rel}","templated":true}]}}