{"id":3598,"date":"2023-11-26T09:29:42","date_gmt":"2023-11-26T08:29:42","guid":{"rendered":"http:\/\/parafiaszyk.pl\/?p=3598"},"modified":"2023-11-26T09:31:36","modified_gmt":"2023-11-26T08:31:36","slug":"uroczystosc-chrystusa-krola-wszechswiata","status":"publish","type":"post","link":"https:\/\/parafiaszyk.pl\/index.php\/2023\/11\/26\/uroczystosc-chrystusa-krola-wszechswiata\/","title":{"rendered":"UROCZYSTO\u015a\u0106 JEZUSA CHRYSTUSA KR\u00d3LA WSZECH\u015aWIATA"},"content":{"rendered":"\n<figure class=\"wp-block-image size-full\"><img loading=\"lazy\" decoding=\"async\" width=\"430\" height=\"680\" src=\"https:\/\/parafiaszyk.pl\/wp-content\/uploads\/2023\/11\/IMG_3820.jpeg\" alt=\"\" class=\"wp-image-3599\" srcset=\"https:\/\/parafiaszyk.pl\/wp-content\/uploads\/2023\/11\/IMG_3820.jpeg 430w, https:\/\/parafiaszyk.pl\/wp-content\/uploads\/2023\/11\/IMG_3820-190x300.jpeg 190w\" sizes=\"auto, (max-width: 430px) 100vw, 430px\" \/><\/figure>\n\n\n\n<figure class=\"wp-block-embed is-type-video is-provider-youtube wp-block-embed-youtube wp-embed-aspect-16-9 wp-has-aspect-ratio\"><div class=\"wp-block-embed__wrapper\">\n<iframe loading=\"lazy\" title=\"Komentarz do Ewangelii - 26 listopada 2023 (Mt 25, 31-46)\" width=\"700\" height=\"394\" src=\"https:\/\/www.youtube.com\/embed\/uC3LWxYZ1R8?feature=oembed\" frameborder=\"0\" allow=\"accelerometer; autoplay; clipboard-write; encrypted-media; gyroscope; picture-in-picture; web-share\" allowfullscreen><\/iframe>\n<\/div><\/figure>\n","protected":false},"excerpt":{"rendered":"","protected":false},"author":2,"featured_media":0,"comment_status":"closed","ping_status":"","sticky":false,"template":"","format":"standard","meta":{"footnotes":"","_links_to":"","_links_to_target":""},"categories":[1],"tags":[],"class_list":{"0":"entry","1":"post","2":"publish","3":"author-proboszcz","4":"post-3598","6":"format-standard","7":"category-uncategorized"},"_links":{"self":[{"href":"https:\/\/parafiaszyk.pl\/index.php\/wp-json\/wp\/v2\/posts\/3598","targetHints":{"allow":["GET"]}}],"collection":[{"href":"https:\/\/parafiaszyk.pl\/index.php\/wp-json\/wp\/v2\/posts"}],"about":[{"href":"https:\/\/parafiaszyk.pl\/index.php\/wp-json\/wp\/v2\/types\/post"}],"author":[{"embeddable":true,"href":"https:\/\/parafiaszyk.pl\/index.php\/wp-json\/wp\/v2\/users\/2"}],"replies":[{"embeddable":true,"href":"https:\/\/parafiaszyk.pl\/index.php\/wp-json\/wp\/v2\/comments?post=3598"}],"version-history":[{"count":2,"href":"https:\/\/parafiaszyk.pl\/index.php\/wp-json\/wp\/v2\/posts\/3598\/revisions"}],"predecessor-version":[{"id":3601,"href":"https:\/\/parafiaszyk.pl\/index.php\/wp-json\/wp\/v2\/posts\/3598\/revisions\/3601"}],"wp:attachment":[{"href":"https:\/\/parafiaszyk.pl\/index.php\/wp-json\/wp\/v2\/media?parent=3598"}],"wp:term":[{"taxonomy":"category","embeddable":true,"href":"https:\/\/parafiaszyk.pl\/index.php\/wp-json\/wp\/v2\/categories?post=3598"},{"taxonomy":"post_tag","embeddable":true,"href":"https:\/\/parafiaszyk.pl\/index.php\/wp-json\/wp\/v2\/tags?post=3598"}],"curies":[{"name":"wp","href":"https:\/\/api.w.org\/{rel}","templated":true}]}}