{"id":3419,"date":"2023-09-30T11:24:07","date_gmt":"2023-09-30T10:24:07","guid":{"rendered":"http:\/\/parafiaszyk.pl\/?p=3419"},"modified":"2023-09-30T11:29:27","modified_gmt":"2023-09-30T10:29:27","slug":"xxvi-niedziela-zwykla-2","status":"publish","type":"post","link":"https:\/\/parafiaszyk.pl\/index.php\/2023\/09\/30\/xxvi-niedziela-zwykla-2\/","title":{"rendered":"XXVI Niedziela Zwyk\u0142a"},"content":{"rendered":"\n<p>\ud83d\ude4f\ud83c\udffbPATRON DNIA:<br><strong>\u015bw. Teresa z Lisieux<\/strong> ,<em>dziewica, doktor Ko\u015bcio\u0142<\/em>a<\/p>\n\n\n\n<div class=\"wp-block-cover is-light is-layout-flow wp-block-cover-is-layout-flow\" style=\"min-height:172px;aspect-ratio:unset;\"><span aria-hidden=\"true\" class=\"wp-block-cover__gradient-background has-background-dim\"><\/span><img loading=\"lazy\" decoding=\"async\" width=\"720\" height=\"720\" class=\"wp-block-cover__image-background wp-image-3423\" alt=\"\" src=\"https:\/\/parafiaszyk.pl\/wp-content\/uploads\/2023\/09\/IMG_3611.jpeg\" data-object-fit=\"cover\" srcset=\"https:\/\/parafiaszyk.pl\/wp-content\/uploads\/2023\/09\/IMG_3611.jpeg 720w, https:\/\/parafiaszyk.pl\/wp-content\/uploads\/2023\/09\/IMG_3611-300x300.jpeg 300w, https:\/\/parafiaszyk.pl\/wp-content\/uploads\/2023\/09\/IMG_3611-150x150.jpeg 150w\" sizes=\"auto, (max-width: 720px) 100vw, 720px\" \/><div class=\"wp-block-cover__inner-container\"><\/div><\/div>\n\n\n\n<p>Ojcze Niebieski,<br>kt\u00f3ry przez \u015bwi\u0119t\u0105 Teres\u0119 od Dzieci\u0105tka Jezus raczy\u0142e\u015b przypomnie\u0107 \u015bwiatu mi\u0142o\u015b\u0107 najlito\u015bciwsz\u0105, przepe\u0142niaj\u0105c\u0105 boskie Twe serce, i obudzi\u0107 w nas dzieci\u0119c\u0105 ufno\u015b\u0107 ku Tobie. Dzi\u0119ki pokorne Ci sk\u0142adamy, \u017ce\u015b tak wielk\u0105 chwa\u0142\u0105 nagrodzi\u0142 t\u0119, kt\u00f3ra przez ca\u0142e \u017cycie by\u0142a wiernym Twym dzieckiem,<br>i \u017ce\u015b Jej udzieli\u0142 cudownej mocy poci\u0105gania wielkiej liczby dusz, kt\u00f3re b\u0119d\u0105 Ci\u0119 chwali\u0107 przez wieczno\u015b\u0107 ca\u0142\u0105.<br>O \u015bwi\u0119ta Ma\u0142a Teresko, pami\u0119taj, \u017ce\u015b obieca\u0142a dobrze czyni\u0107 na ziemi; spu\u015b\u0107 obficie Tw\u00f3j deszcz r\u00f3\u017c na tych, kt\u00f3rzy Ci\u0119 wzywaj\u0105,<br>i wyjednaj nam u Boga \u0142ask\u0119, kt\u00f3rej za przyczyn\u0105 Twoj\u0105 od Jego niesko\u0144czonej dobroci oczekujemy. Amen.<\/p>\n\n\n\n<figure class=\"wp-block-embed is-type-video is-provider-youtube wp-block-embed-youtube wp-embed-aspect-16-9 wp-has-aspect-ratio\"><div class=\"wp-block-embed__wrapper\">\n<iframe loading=\"lazy\" title=\"26 Niedziela Zwyk\u0142a rok A Szklanka Dobrej Rozmowy Ks. Marek Studenski\" width=\"700\" height=\"394\" src=\"https:\/\/www.youtube.com\/embed\/t80Pr9-AhOY?feature=oembed\" frameborder=\"0\" allow=\"accelerometer; autoplay; clipboard-write; encrypted-media; gyroscope; picture-in-picture; web-share\" allowfullscreen><\/iframe>\n<\/div><\/figure>\n","protected":false},"excerpt":{"rendered":"<p>\ud83d\ude4f\ud83c\udffbPATRON DNIA:\u015bw. Teresa z Lisieux ,dziewica, doktor Ko\u015bcio\u0142a Ojcze Niebieski,kt\u00f3ry przez \u015bwi\u0119t\u0105 Teres\u0119 od Dzieci\u0105tka Jezus raczy\u0142e\u015b przypomnie\u0107 \u015bwiatu mi\u0142o\u015b\u0107 najlito\u015bciwsz\u0105, przepe\u0142niaj\u0105c\u0105 boskie Twe serce, i obudzi\u0107 w nas dzieci\u0119c\u0105 ufno\u015b\u0107 ku Tobie. Dzi\u0119ki pokorne Ci sk\u0142adamy, \u017ce\u015b tak wielk\u0105 chwa\u0142\u0105 nagrodzi\u0142 t\u0119, kt\u00f3ra przez ca\u0142e \u017cycie by\u0142a wiernym Twym dzieckiem,i \u017ce\u015b Jej udzieli\u0142 cudownej &#8230; <span class=\"more\"><a class=\"more-link\" href=\"https:\/\/parafiaszyk.pl\/index.php\/2023\/09\/30\/xxvi-niedziela-zwykla-2\/\">[Read more&#8230;]<\/a><\/span><\/p>\n","protected":false},"author":2,"featured_media":0,"comment_status":"closed","ping_status":"","sticky":false,"template":"","format":"standard","meta":{"footnotes":"","_links_to":"","_links_to_target":""},"categories":[1],"tags":[],"class_list":{"0":"entry","1":"post","2":"publish","3":"author-proboszcz","4":"post-3419","6":"format-standard","7":"category-uncategorized"},"_links":{"self":[{"href":"https:\/\/parafiaszyk.pl\/index.php\/wp-json\/wp\/v2\/posts\/3419","targetHints":{"allow":["GET"]}}],"collection":[{"href":"https:\/\/parafiaszyk.pl\/index.php\/wp-json\/wp\/v2\/posts"}],"about":[{"href":"https:\/\/parafiaszyk.pl\/index.php\/wp-json\/wp\/v2\/types\/post"}],"author":[{"embeddable":true,"href":"https:\/\/parafiaszyk.pl\/index.php\/wp-json\/wp\/v2\/users\/2"}],"replies":[{"embeddable":true,"href":"https:\/\/parafiaszyk.pl\/index.php\/wp-json\/wp\/v2\/comments?post=3419"}],"version-history":[{"count":0,"href":"https:\/\/parafiaszyk.pl\/index.php\/wp-json\/wp\/v2\/posts\/3419\/revisions"}],"wp:attachment":[{"href":"https:\/\/parafiaszyk.pl\/index.php\/wp-json\/wp\/v2\/media?parent=3419"}],"wp:term":[{"taxonomy":"category","embeddable":true,"href":"https:\/\/parafiaszyk.pl\/index.php\/wp-json\/wp\/v2\/categories?post=3419"},{"taxonomy":"post_tag","embeddable":true,"href":"https:\/\/parafiaszyk.pl\/index.php\/wp-json\/wp\/v2\/tags?post=3419"}],"curies":[{"name":"wp","href":"https:\/\/api.w.org\/{rel}","templated":true}]}}