{"id":3379,"date":"2023-09-10T00:30:34","date_gmt":"2023-09-09T23:30:34","guid":{"rendered":"http:\/\/parafiaszyk.pl\/?p=3379"},"modified":"2023-09-10T00:30:34","modified_gmt":"2023-09-09T23:30:34","slug":"w-imie-chrystusa","status":"publish","type":"post","link":"https:\/\/parafiaszyk.pl\/index.php\/2023\/09\/10\/w-imie-chrystusa\/","title":{"rendered":"\u201eW IMI\u0118 CHRYSTUSA\u201d"},"content":{"rendered":"\n<p class=\"has-text-align-center\"><strong>Beatyfikacja Rodziny Ulm\u00f3w <\/strong><\/p>\n\n\n\n<p class=\"has-text-align-center\">Ulmowie nazywani Mi\u0142osiernymi Samarytanami z Markowej\u00a0dzisiaj mog\u0105 by\u0107 dla nas wzorem prostego, codziennego i wytrwa\u0142ego wype\u0142niania Bo\u017cej woli: <\/p>\n\n\n\n<p class=\"has-text-align-center\"><em><strong>\u201eKto w bardzo ma\u0142ej sprawie jest wierny, ten i w wielkiej b\u0119dzie wierny\u201d (\u0141k 16, 10).<\/strong><\/em><\/p>\n\n\n\n<div class=\"wp-block-image\"><figure class=\"aligncenter size-full\"><img loading=\"lazy\" decoding=\"async\" width=\"319\" height=\"423\" src=\"https:\/\/parafiaszyk.pl\/wp-content\/uploads\/2023\/09\/IMG_3502-1.png\" alt=\"\" class=\"wp-image-3381\" srcset=\"https:\/\/parafiaszyk.pl\/wp-content\/uploads\/2023\/09\/IMG_3502-1.png 319w, https:\/\/parafiaszyk.pl\/wp-content\/uploads\/2023\/09\/IMG_3502-1-226x300.png 226w\" sizes=\"auto, (max-width: 319px) 100vw, 319px\" \/><\/figure><\/div>\n\n\n\n<figure class=\"wp-block-embed is-type-video is-provider-youtube wp-block-embed-youtube wp-embed-aspect-16-9 wp-has-aspect-ratio\"><div class=\"wp-block-embed__wrapper\">\n<iframe loading=\"lazy\" title=\"SZCZ\u0118\u015aLIWA RODZINO Z MARKOWEJ - pie\u015b\u0144 do Rodziny Ulm\u00f3w - beatyfikacja 10 IX 2023\" width=\"700\" height=\"394\" src=\"https:\/\/www.youtube.com\/embed\/4g1OYsK7AYw?feature=oembed\" frameborder=\"0\" allow=\"accelerometer; autoplay; clipboard-write; encrypted-media; gyroscope; picture-in-picture; web-share\" allowfullscreen><\/iframe>\n<\/div><\/figure>\n\n\n\n<p class=\"has-text-align-center\"><strong>Modlitwa do b\u0142. rodziny Ulm\u00f3w<\/strong><\/p>\n\n\n\n<p class=\"has-text-align-center\">Wszechmog\u0105cy Bo\u017ce, Ty wzbudzi\u0142e\u015b w b\u0142ogos\u0142awionej rodzinie Ulm\u00f3w mi\u0142o\u015b\u0107 do prze\u015bladowanych i udzieli\u0142e\u015b im m\u0119stwa do niesienia pomocy a\u017c do m\u0119cze\u0144stwa. Pomna\u017caj w nas gotow\u0105 do po\u015bwi\u0119ce\u0144 mi\u0142o\u015b\u0107 Boga i bli\u017anich, aby\u015bmy odwa\u017cnie dawali \u015bwiadectwo naszej wierze. Przez Chrystusa, Pana naszego. Amen.<\/p>\n\n\n\n<figure class=\"wp-block-embed is-type-video is-provider-youtube wp-block-embed-youtube wp-embed-aspect-16-9 wp-has-aspect-ratio\"><div class=\"wp-block-embed__wrapper\">\n<iframe loading=\"lazy\" title=\"ULMOWIE. W IMI\u0118 CHRYSTUSA [CA\u0141Y FILM]\" width=\"700\" height=\"394\" src=\"https:\/\/www.youtube.com\/embed\/5w2XvDwBuzg?feature=oembed\" frameborder=\"0\" allow=\"accelerometer; autoplay; clipboard-write; encrypted-media; gyroscope; picture-in-picture; web-share\" allowfullscreen><\/iframe>\n<\/div><\/figure>\n\n\n\n<p>Wi\u0119cej o Rodzinie Ulm\u00f3w \ud83d\udc47\ud83c\udffb<\/p>\n\n\n\n<p><a href=\"https:\/\/deon.pl\/kosciol\/komentarze\/historia-rodziny-ulmow---triumf-zycia,1957118\/amp\">https:\/\/deon.pl\/kosciol\/komentarze\/historia-rodziny-ulmow&#8212;triumf-zycia,1957118\/amp<\/a><\/p>\n","protected":false},"excerpt":{"rendered":"<p>Beatyfikacja Rodziny Ulm\u00f3w Ulmowie nazywani Mi\u0142osiernymi Samarytanami z Markowej\u00a0dzisiaj mog\u0105 by\u0107 dla nas wzorem prostego, codziennego i wytrwa\u0142ego wype\u0142niania Bo\u017cej woli: \u201eKto w bardzo ma\u0142ej sprawie jest wierny, ten i w wielkiej b\u0119dzie wierny\u201d (\u0141k 16, 10). Modlitwa do b\u0142. rodziny Ulm\u00f3w Wszechmog\u0105cy Bo\u017ce, Ty wzbudzi\u0142e\u015b w b\u0142ogos\u0142awionej rodzinie Ulm\u00f3w mi\u0142o\u015b\u0107 do prze\u015bladowanych i udzieli\u0142e\u015b &#8230; <span class=\"more\"><a class=\"more-link\" href=\"https:\/\/parafiaszyk.pl\/index.php\/2023\/09\/10\/w-imie-chrystusa\/\">[Read more&#8230;]<\/a><\/span><\/p>\n","protected":false},"author":2,"featured_media":0,"comment_status":"closed","ping_status":"","sticky":false,"template":"","format":"standard","meta":{"footnotes":"","_links_to":"","_links_to_target":""},"categories":[1],"tags":[],"class_list":{"0":"entry","1":"post","2":"publish","3":"author-proboszcz","4":"post-3379","6":"format-standard","7":"category-uncategorized"},"_links":{"self":[{"href":"https:\/\/parafiaszyk.pl\/index.php\/wp-json\/wp\/v2\/posts\/3379","targetHints":{"allow":["GET"]}}],"collection":[{"href":"https:\/\/parafiaszyk.pl\/index.php\/wp-json\/wp\/v2\/posts"}],"about":[{"href":"https:\/\/parafiaszyk.pl\/index.php\/wp-json\/wp\/v2\/types\/post"}],"author":[{"embeddable":true,"href":"https:\/\/parafiaszyk.pl\/index.php\/wp-json\/wp\/v2\/users\/2"}],"replies":[{"embeddable":true,"href":"https:\/\/parafiaszyk.pl\/index.php\/wp-json\/wp\/v2\/comments?post=3379"}],"version-history":[{"count":0,"href":"https:\/\/parafiaszyk.pl\/index.php\/wp-json\/wp\/v2\/posts\/3379\/revisions"}],"wp:attachment":[{"href":"https:\/\/parafiaszyk.pl\/index.php\/wp-json\/wp\/v2\/media?parent=3379"}],"wp:term":[{"taxonomy":"category","embeddable":true,"href":"https:\/\/parafiaszyk.pl\/index.php\/wp-json\/wp\/v2\/categories?post=3379"},{"taxonomy":"post_tag","embeddable":true,"href":"https:\/\/parafiaszyk.pl\/index.php\/wp-json\/wp\/v2\/tags?post=3379"}],"curies":[{"name":"wp","href":"https:\/\/api.w.org\/{rel}","templated":true}]}}