{"id":3321,"date":"2023-08-14T11:01:28","date_gmt":"2023-08-14T10:01:28","guid":{"rendered":"http:\/\/parafiaszyk.pl\/?p=3321"},"modified":"2023-08-14T11:02:51","modified_gmt":"2023-08-14T10:02:51","slug":"uroczystosc-wniebowziecia-nmp","status":"publish","type":"post","link":"https:\/\/parafiaszyk.pl\/index.php\/2023\/08\/14\/uroczystosc-wniebowziecia-nmp\/","title":{"rendered":"UROCZYSTO\u015a\u0106 WNIEBOWZI\u0118CIA NMP"},"content":{"rendered":"\n<p>\u015aWI\u0118TO WOJSKA POLSKIEGO <\/p>\n\n\n\n<figure class=\"wp-block-image size-full\"><img loading=\"lazy\" decoding=\"async\" width=\"907\" height=\"741\" src=\"https:\/\/parafiaszyk.pl\/wp-content\/uploads\/2023\/08\/IMG_3448.jpeg\" alt=\"\" class=\"wp-image-3322\" srcset=\"https:\/\/parafiaszyk.pl\/wp-content\/uploads\/2023\/08\/IMG_3448.jpeg 907w, https:\/\/parafiaszyk.pl\/wp-content\/uploads\/2023\/08\/IMG_3448-300x245.jpeg 300w, https:\/\/parafiaszyk.pl\/wp-content\/uploads\/2023\/08\/IMG_3448-768x627.jpeg 768w\" sizes=\"auto, (max-width: 907px) 100vw, 907px\" \/><\/figure>\n\n\n\n<p class=\"has-text-align-left\">15 sierpnia obchodzone jest&nbsp;<strong>\u015awi\u0119to Wniebowzi\u0119cia Naj\u015bwi\u0119tszej Maryi Panny<\/strong>. To jedno z najwa\u017cniejszych i najstarszych \u015bwi\u0105t maryjnych, jakie przypadaj\u0105 w ca\u0142ym roku liturgicznym. Jego pocz\u0105tki si\u0119gaj\u0105 V wieku, kiedy w ten spos\u00f3b czczono wst\u0105pienie do nieba Matki Boskiej z ca\u0142\u0105 dusz\u0105 i cia\u0142em.<\/p>\n\n\n\n<p class=\"has-text-align-left\">\u015awi\u0119to Wniebowzi\u0119cia Naj\u015bwi\u0119tszej Maryi Panny narodzi\u0142o si\u0119 w Jerozolimie, czyli miejscu, gdzie zgodnie z wiar\u0105 chrze\u015bcija\u0144sk\u0105 znajduje si\u0119 dom rodzinny Maryi. Stamt\u0105d pow\u0119drowa\u0142o do Rzymu, kraj\u00f3w zachodnich, a nast\u0119pnie S\u0142owian. Uroczysto\u015b\u0107 Wniebowst\u0105pienia Naj\u015bwi\u0119tszej Maryi Panny zwana jest tak\u017ce \u015bwi\u0119tem&nbsp;<strong>Matki Boskiej Zielnej<\/strong>. Nazwa ta nie jest przypadkowa, poniewa\u017c tego dnia w ko\u015bcio\u0142ach katolickich \u015bwi\u0119ci si\u0119 zio\u0142a, kwiaty, owoce i warzywa.<\/p>\n\n\n\n<p class=\"has-text-align-center\">\ud83c\uddf5\ud83c\uddf1<strong>\u015aWI\u0118TO WOJSKA POLSKIEGO<\/strong> \ud83c\uddf5\ud83c\uddf1<\/p>\n\n\n\n<figure class=\"wp-block-image size-large\"><img loading=\"lazy\" decoding=\"async\" width=\"1024\" height=\"480\" src=\"https:\/\/parafiaszyk.pl\/wp-content\/uploads\/2023\/08\/IMG_3449-1024x480.jpeg\" alt=\"\" class=\"wp-image-3323\" srcset=\"https:\/\/parafiaszyk.pl\/wp-content\/uploads\/2023\/08\/IMG_3449-1024x480.jpeg 1024w, https:\/\/parafiaszyk.pl\/wp-content\/uploads\/2023\/08\/IMG_3449-300x141.jpeg 300w, https:\/\/parafiaszyk.pl\/wp-content\/uploads\/2023\/08\/IMG_3449-768x360.jpeg 768w, https:\/\/parafiaszyk.pl\/wp-content\/uploads\/2023\/08\/IMG_3449-1536x720.jpeg 1536w, https:\/\/parafiaszyk.pl\/wp-content\/uploads\/2023\/08\/IMG_3449.jpeg 1920w\" sizes=\"auto, (max-width: 1024px) 100vw, 1024px\" \/><\/figure>\n\n\n\n<p class=\"has-text-align-left\">15 sierpnia obchodzone jest tak\u017ce inne, wa\u017cne dla Polak\u00f3w \u015bwi\u0119to. Tego dnia przypada r\u00f3wnie\u017c \u015awi\u0119to Wojska Polskiego, czyli \u015bwi\u0119to Si\u0142 Zbrojnych Rzeczpospolitej Polskiej. Dok\u0142adnie 15 sierpnia 2023 roku przypada r\u00f3wnie\u017c 103 rocznica zwyci\u0119skiej Bitwy Warszawskiej.&nbsp;<\/p>\n\n\n\n<p class=\"has-text-align-left\">\u015awi\u0119to Wojska Polskiego jest \u015bwi\u0119tem pa\u0144stwowym, ale z tej okazji we wszystkich ko\u015bcio\u0142ach w Polsce odprawiane s\u0105  uroczyste Msze \u015awi\u0119te za Ojczyzn\u0119. <\/p>\n\n\n\n<figure class=\"wp-block-embed is-type-video is-provider-youtube wp-block-embed-youtube wp-embed-aspect-16-9 wp-has-aspect-ratio\"><div class=\"wp-block-embed__wrapper\">\n<iframe loading=\"lazy\" title=\"Uroczysto\u015b\u0107 Wniebowzi\u0119cia NMP: Homilia abp. Adriana Galbasa podczas sumy odpustowej w Starej Wsi\" width=\"700\" height=\"394\" src=\"https:\/\/www.youtube.com\/embed\/keLpfR8InI8?feature=oembed\" frameborder=\"0\" allow=\"accelerometer; autoplay; clipboard-write; encrypted-media; gyroscope; picture-in-picture; web-share\" allowfullscreen><\/iframe>\n<\/div><\/figure>\n","protected":false},"excerpt":{"rendered":"<p>\u015aWI\u0118TO WOJSKA POLSKIEGO 15 sierpnia obchodzone jest&nbsp;\u015awi\u0119to Wniebowzi\u0119cia Naj\u015bwi\u0119tszej Maryi Panny. To jedno z najwa\u017cniejszych i najstarszych \u015bwi\u0105t maryjnych, jakie przypadaj\u0105 w ca\u0142ym roku liturgicznym. Jego pocz\u0105tki si\u0119gaj\u0105 V wieku, kiedy w ten spos\u00f3b czczono wst\u0105pienie do nieba Matki Boskiej z ca\u0142\u0105 dusz\u0105 i cia\u0142em. \u015awi\u0119to Wniebowzi\u0119cia Naj\u015bwi\u0119tszej Maryi Panny narodzi\u0142o si\u0119 w Jerozolimie, czyli &#8230; <span class=\"more\"><a class=\"more-link\" href=\"https:\/\/parafiaszyk.pl\/index.php\/2023\/08\/14\/uroczystosc-wniebowziecia-nmp\/\">[Read more&#8230;]<\/a><\/span><\/p>\n","protected":false},"author":2,"featured_media":0,"comment_status":"closed","ping_status":"","sticky":false,"template":"","format":"standard","meta":{"footnotes":"","_links_to":"","_links_to_target":""},"categories":[1],"tags":[],"class_list":{"0":"entry","1":"post","2":"publish","3":"author-proboszcz","4":"post-3321","6":"format-standard","7":"category-uncategorized"},"_links":{"self":[{"href":"https:\/\/parafiaszyk.pl\/index.php\/wp-json\/wp\/v2\/posts\/3321","targetHints":{"allow":["GET"]}}],"collection":[{"href":"https:\/\/parafiaszyk.pl\/index.php\/wp-json\/wp\/v2\/posts"}],"about":[{"href":"https:\/\/parafiaszyk.pl\/index.php\/wp-json\/wp\/v2\/types\/post"}],"author":[{"embeddable":true,"href":"https:\/\/parafiaszyk.pl\/index.php\/wp-json\/wp\/v2\/users\/2"}],"replies":[{"embeddable":true,"href":"https:\/\/parafiaszyk.pl\/index.php\/wp-json\/wp\/v2\/comments?post=3321"}],"version-history":[{"count":0,"href":"https:\/\/parafiaszyk.pl\/index.php\/wp-json\/wp\/v2\/posts\/3321\/revisions"}],"wp:attachment":[{"href":"https:\/\/parafiaszyk.pl\/index.php\/wp-json\/wp\/v2\/media?parent=3321"}],"wp:term":[{"taxonomy":"category","embeddable":true,"href":"https:\/\/parafiaszyk.pl\/index.php\/wp-json\/wp\/v2\/categories?post=3321"},{"taxonomy":"post_tag","embeddable":true,"href":"https:\/\/parafiaszyk.pl\/index.php\/wp-json\/wp\/v2\/tags?post=3321"}],"curies":[{"name":"wp","href":"https:\/\/api.w.org\/{rel}","templated":true}]}}