{"id":3298,"date":"2023-08-07T08:07:51","date_gmt":"2023-08-07T07:07:51","guid":{"rendered":"http:\/\/parafiaszyk.pl\/?p=3298"},"modified":"2023-08-07T08:10:44","modified_gmt":"2023-08-07T07:10:44","slug":"sierpien-miesiacem-trzezwosci","status":"publish","type":"post","link":"https:\/\/parafiaszyk.pl\/index.php\/2023\/08\/07\/sierpien-miesiacem-trzezwosci\/","title":{"rendered":"Sierpie\u0144 miesi\u0105cem trze\u017awo\u015bci"},"content":{"rendered":"\n<p><strong>Pro\u015bb\u0119 o dar dobrowolnej abstynencji w sierpniu kierujemy przede wszystkim do wierz\u0105cych, aby w duchu odpowiedzialno\u015bci za swoje \u017cycie, \u017cycie bliskich i wszystkich, kt\u00f3rych B\u00f3g stawia na ich drodze, podj\u0119li post w intencji trze\u017awo\u015bci\u00a0 narodu<\/strong>\u00a0<strong>\u2013 czytamy w Apelu Zespo\u0142u Konferencji Episkopatu Polski ds. Trze\u017awo\u015bci i Os\u00f3b Uzale\u017cnionych na sierpie\u0144 \u2013 miesi\u0105c abstynencji 2023.<\/strong><\/p>\n\n\n\n<figure class=\"wp-block-image size-full\"><img loading=\"lazy\" decoding=\"async\" width=\"864\" height=\"864\" src=\"https:\/\/parafiaszyk.pl\/wp-content\/uploads\/2023\/08\/IMG_3385.jpeg\" alt=\"\" class=\"wp-image-3301\" srcset=\"https:\/\/parafiaszyk.pl\/wp-content\/uploads\/2023\/08\/IMG_3385.jpeg 864w, https:\/\/parafiaszyk.pl\/wp-content\/uploads\/2023\/08\/IMG_3385-300x300.jpeg 300w, https:\/\/parafiaszyk.pl\/wp-content\/uploads\/2023\/08\/IMG_3385-150x150.jpeg 150w, https:\/\/parafiaszyk.pl\/wp-content\/uploads\/2023\/08\/IMG_3385-768x768.jpeg 768w\" sizes=\"auto, (max-width: 864px) 100vw, 864px\" \/><\/figure>\n","protected":false},"excerpt":{"rendered":"<p>Pro\u015bb\u0119 o dar dobrowolnej abstynencji w sierpniu kierujemy przede wszystkim do wierz\u0105cych, aby w duchu odpowiedzialno\u015bci za swoje \u017cycie, \u017cycie bliskich i wszystkich, kt\u00f3rych B\u00f3g stawia na ich drodze, podj\u0119li post w intencji trze\u017awo\u015bci\u00a0 narodu\u00a0\u2013 czytamy w Apelu Zespo\u0142u Konferencji Episkopatu Polski ds. Trze\u017awo\u015bci i Os\u00f3b Uzale\u017cnionych na sierpie\u0144 \u2013 miesi\u0105c abstynencji 2023.<\/p>\n","protected":false},"author":2,"featured_media":0,"comment_status":"closed","ping_status":"","sticky":false,"template":"","format":"standard","meta":{"footnotes":"","_links_to":"","_links_to_target":""},"categories":[1],"tags":[],"class_list":{"0":"entry","1":"post","2":"publish","3":"author-proboszcz","4":"post-3298","6":"format-standard","7":"category-uncategorized"},"_links":{"self":[{"href":"https:\/\/parafiaszyk.pl\/index.php\/wp-json\/wp\/v2\/posts\/3298","targetHints":{"allow":["GET"]}}],"collection":[{"href":"https:\/\/parafiaszyk.pl\/index.php\/wp-json\/wp\/v2\/posts"}],"about":[{"href":"https:\/\/parafiaszyk.pl\/index.php\/wp-json\/wp\/v2\/types\/post"}],"author":[{"embeddable":true,"href":"https:\/\/parafiaszyk.pl\/index.php\/wp-json\/wp\/v2\/users\/2"}],"replies":[{"embeddable":true,"href":"https:\/\/parafiaszyk.pl\/index.php\/wp-json\/wp\/v2\/comments?post=3298"}],"version-history":[{"count":0,"href":"https:\/\/parafiaszyk.pl\/index.php\/wp-json\/wp\/v2\/posts\/3298\/revisions"}],"wp:attachment":[{"href":"https:\/\/parafiaszyk.pl\/index.php\/wp-json\/wp\/v2\/media?parent=3298"}],"wp:term":[{"taxonomy":"category","embeddable":true,"href":"https:\/\/parafiaszyk.pl\/index.php\/wp-json\/wp\/v2\/categories?post=3298"},{"taxonomy":"post_tag","embeddable":true,"href":"https:\/\/parafiaszyk.pl\/index.php\/wp-json\/wp\/v2\/tags?post=3298"}],"curies":[{"name":"wp","href":"https:\/\/api.w.org\/{rel}","templated":true}]}}