{"id":3086,"date":"2023-05-03T10:58:24","date_gmt":"2023-05-03T09:58:24","guid":{"rendered":"http:\/\/parafiaszyk.pl\/?p=3086"},"modified":"2023-05-03T10:58:24","modified_gmt":"2023-05-03T09:58:24","slug":"3086","status":"publish","type":"post","link":"https:\/\/parafiaszyk.pl\/index.php\/2023\/05\/03\/3086\/","title":{"rendered":""},"content":{"rendered":"\n<div class=\"wp-block-cover aligncenter\"><span aria-hidden=\"true\" class=\"wp-block-cover__gradient-background has-background-dim\"><\/span><img loading=\"lazy\" decoding=\"async\" width=\"640\" height=\"850\" class=\"wp-block-cover__image-background wp-image-3088\" alt=\"\" src=\"https:\/\/parafiaszyk.pl\/wp-content\/uploads\/2023\/05\/IMG_2714.jpeg\" data-object-fit=\"cover\" srcset=\"https:\/\/parafiaszyk.pl\/wp-content\/uploads\/2023\/05\/IMG_2714.jpeg 640w, https:\/\/parafiaszyk.pl\/wp-content\/uploads\/2023\/05\/IMG_2714-226x300.jpeg 226w\" sizes=\"auto, (max-width: 640px) 100vw, 640px\" \/><div class=\"wp-block-cover__inner-container is-layout-flow wp-block-cover-is-layout-flow\">\n<p class=\"has-text-align-center has-large-font-size\"><br><\/p>\n\n\n\n<p><\/p>\n\n\n\n<p class=\"has-text-align-center has-large-font-size\"><strong><mark style=\"background-color:rgba(0, 0, 0, 0)\" class=\"has-inline-color has-luminous-vivid-amber-color\">Uroczysto\u015b\u0107 NMP Kr\u00f3lowej Polski<\/mark><\/strong><\/p>\n<\/div><\/div>\n\n\n\n<figure class=\"wp-block-embed is-type-video is-provider-youtube wp-block-embed-youtube wp-embed-aspect-16-9 wp-has-aspect-ratio\"><div class=\"wp-block-embed__wrapper\">\n<iframe loading=\"lazy\" title=\"Dobra Nowina na dzi\u015b | 3 maja - Uroczysto\u015b\u0107 NMP, Kr\u00f3lowej Polski\" width=\"700\" height=\"394\" src=\"https:\/\/www.youtube.com\/embed\/ZV2-qIFwnY0?feature=oembed\" frameborder=\"0\" allow=\"accelerometer; autoplay; clipboard-write; encrypted-media; gyroscope; picture-in-picture; web-share\" allowfullscreen><\/iframe>\n<\/div><\/figure>\n\n\n\n<p><strong><mark style=\"background-color:rgba(0, 0, 0, 0)\" class=\"has-inline-color has-vivid-red-color\">232 Rocznica uchwalenia Konstytucji 3 Maja<\/mark><\/strong> <\/p>\n\n\n\n<figure class=\"wp-block-image size-large\"><img loading=\"lazy\" decoding=\"async\" width=\"1024\" height=\"432\" src=\"https:\/\/parafiaszyk.pl\/wp-content\/uploads\/2023\/05\/IMG_2713-1024x432.png\" alt=\"\" class=\"wp-image-3087\" srcset=\"https:\/\/parafiaszyk.pl\/wp-content\/uploads\/2023\/05\/IMG_2713-1024x432.png 1024w, https:\/\/parafiaszyk.pl\/wp-content\/uploads\/2023\/05\/IMG_2713-300x127.png 300w, https:\/\/parafiaszyk.pl\/wp-content\/uploads\/2023\/05\/IMG_2713-768x324.png 768w, https:\/\/parafiaszyk.pl\/wp-content\/uploads\/2023\/05\/IMG_2713.png 1328w\" sizes=\"auto, (max-width: 1024px) 100vw, 1024px\" \/><\/figure>\n\n\n\n<p><\/p>\n","protected":false},"excerpt":{"rendered":"<p>232 Rocznica uchwalenia Konstytucji 3 Maja<\/p>\n","protected":false},"author":2,"featured_media":0,"comment_status":"closed","ping_status":"","sticky":false,"template":"","format":"standard","meta":{"footnotes":"","_links_to":"","_links_to_target":""},"categories":[1],"tags":[],"class_list":{"0":"entry","1":"post","2":"publish","3":"author-proboszcz","4":"post-3086","6":"format-standard","7":"category-uncategorized"},"_links":{"self":[{"href":"https:\/\/parafiaszyk.pl\/index.php\/wp-json\/wp\/v2\/posts\/3086","targetHints":{"allow":["GET"]}}],"collection":[{"href":"https:\/\/parafiaszyk.pl\/index.php\/wp-json\/wp\/v2\/posts"}],"about":[{"href":"https:\/\/parafiaszyk.pl\/index.php\/wp-json\/wp\/v2\/types\/post"}],"author":[{"embeddable":true,"href":"https:\/\/parafiaszyk.pl\/index.php\/wp-json\/wp\/v2\/users\/2"}],"replies":[{"embeddable":true,"href":"https:\/\/parafiaszyk.pl\/index.php\/wp-json\/wp\/v2\/comments?post=3086"}],"version-history":[{"count":0,"href":"https:\/\/parafiaszyk.pl\/index.php\/wp-json\/wp\/v2\/posts\/3086\/revisions"}],"wp:attachment":[{"href":"https:\/\/parafiaszyk.pl\/index.php\/wp-json\/wp\/v2\/media?parent=3086"}],"wp:term":[{"taxonomy":"category","embeddable":true,"href":"https:\/\/parafiaszyk.pl\/index.php\/wp-json\/wp\/v2\/categories?post=3086"},{"taxonomy":"post_tag","embeddable":true,"href":"https:\/\/parafiaszyk.pl\/index.php\/wp-json\/wp\/v2\/tags?post=3086"}],"curies":[{"name":"wp","href":"https:\/\/api.w.org\/{rel}","templated":true}]}}