{"id":3055,"date":"2023-04-15T18:21:32","date_gmt":"2023-04-15T17:21:32","guid":{"rendered":"http:\/\/parafiaszyk.pl\/?p=3055"},"modified":"2023-04-16T22:01:28","modified_gmt":"2023-04-16T21:01:28","slug":"ii-niedziela-wielkanocy","status":"publish","type":"post","link":"https:\/\/parafiaszyk.pl\/index.php\/2023\/04\/15\/ii-niedziela-wielkanocy\/","title":{"rendered":"II Niedziela Wielkanocy"},"content":{"rendered":"\n<p class=\"has-text-align-center\"><strong><mark style=\"background-color:rgba(0, 0, 0, 0)\" class=\"has-inline-color has-vivid-red-color\">Niedziela Bo\u017cego Mi\u0142osierdzia <\/mark><\/strong><\/p>\n\n\n\n<div class=\"wp-block-image\"><figure class=\"aligncenter size-full is-resized\"><img loading=\"lazy\" decoding=\"async\" src=\"https:\/\/parafiaszyk.pl\/wp-content\/uploads\/2023\/04\/B30BF866-AAC6-4088-ACFA-072899CB64E1.png\" alt=\"\" class=\"wp-image-3056\" width=\"259\" height=\"518\" srcset=\"https:\/\/parafiaszyk.pl\/wp-content\/uploads\/2023\/04\/B30BF866-AAC6-4088-ACFA-072899CB64E1.png 250w, https:\/\/parafiaszyk.pl\/wp-content\/uploads\/2023\/04\/B30BF866-AAC6-4088-ACFA-072899CB64E1-150x300.png 150w\" sizes=\"auto, (max-width: 259px) 100vw, 259px\" \/><\/figure><\/div>\n\n\n\n<p class=\"has-text-align-center\"><mark style=\"background-color:rgba(0, 0, 0, 0)\" class=\"has-inline-color has-vivid-cyan-blue-color\"><strong>Modlitwa<\/strong> <strong>o Mi\u0142osierdzie Bo\u017ce dla \u015awiata<\/strong><\/mark><\/p>\n\n\n\n<p class=\"has-text-align-center\">O Bo\u017ce wielkiego mi\u0142osierdzia, Dobroci niesko\u0144czona, oto dzi\u015b ca\u0142a ludzko\u015b\u0107 wo\u0142a z otch\u0142ani n\u0119dzy swojej do mi\u0142osierdzia Twego, do lito\u015bci Twojej, o Bo\u017ce wo\u0142amy pot\u0119\u017cnym swym g\u0142osem n\u0119dzy. Bo\u017ce \u0142askawy, nie odrzucaj modlitwy wygna\u0144c\u00f3w tej ziemi. O Panie, Dobroci niepoj\u0119ta, kt\u00f3ry znasz na wskro\u015b n\u0119dz\u0119 nasz\u0105 i wiesz, \u017ce o w\u0142asnych si\u0142ach wznie\u015b\u0107 si\u0119 do Ciebie nie jeste\u015bmy w stanie &#8211; przeto Ci\u0119 b\u0142agamy: uprzedzaj nas \u0142ask\u0105 swoj\u0105 i pomna\u017caj w nas nieustannie mi\u0142osierdzie swoje, aby\u015bmy wiernie  pe\u0142nili wol\u0119 Twoj\u0105 \u015bwi\u0119t\u0105 w \u017cyciu ca\u0142ym i w \u015bmierci godzinie. Niech nas os\u0142ania wszechmoc mi\u0142osierdzia Twego przed pociskami nieprzyjaci\u00f3\u0142 naszego zbawienia, aby\u015bmy z ufno\u015bci\u0105, jak dzieci Twoje, czekali na przyj\u015bcie Twoje ostateczne, kt\u00f3ry to dzie\u0144 Tobie jest tylko wiadomy. I spodziewamy si\u0119, \u017ce otrzymamy wszystko, co nam jest obiecane przez Jezusa pomimo ca\u0142ej n\u0119dzy naszej, bo Jezus jest ufno\u015bci\u0105 nasz\u0105; przez Jego mi\u0142osierne Serce przechodzimy jak przez otwart\u0105 bram\u0119 do nieba\u00a0(Dz 1570).<\/p>\n\n\n\n<figure class=\"wp-block-embed is-type-video is-provider-youtube wp-block-embed-youtube wp-embed-aspect-16-9 wp-has-aspect-ratio\"><div class=\"wp-block-embed__wrapper\">\n<iframe loading=\"lazy\" title=\"#724 &quot;S\u0142owo \u017bycia&quot; - Niedz. Mi\u0142osierdzia Bo\u017cego  16 kwietnia 2023 r. Kom. do Ewang., ks. Norbert\" width=\"700\" height=\"394\" src=\"https:\/\/www.youtube.com\/embed\/R5ZuAJu0M3E?feature=oembed\" frameborder=\"0\" allow=\"accelerometer; autoplay; clipboard-write; encrypted-media; gyroscope; picture-in-picture; web-share\" allowfullscreen><\/iframe>\n<\/div><\/figure>\n","protected":false},"excerpt":{"rendered":"<p>Niedziela Bo\u017cego Mi\u0142osierdzia Modlitwa o Mi\u0142osierdzie Bo\u017ce dla \u015awiata O Bo\u017ce wielkiego mi\u0142osierdzia, Dobroci niesko\u0144czona, oto dzi\u015b ca\u0142a ludzko\u015b\u0107 wo\u0142a z otch\u0142ani n\u0119dzy swojej do mi\u0142osierdzia Twego, do lito\u015bci Twojej, o Bo\u017ce wo\u0142amy pot\u0119\u017cnym swym g\u0142osem n\u0119dzy. Bo\u017ce \u0142askawy, nie odrzucaj modlitwy wygna\u0144c\u00f3w tej ziemi. O Panie, Dobroci niepoj\u0119ta, kt\u00f3ry znasz na wskro\u015b n\u0119dz\u0119 nasz\u0105 &#8230; <span class=\"more\"><a class=\"more-link\" href=\"https:\/\/parafiaszyk.pl\/index.php\/2023\/04\/15\/ii-niedziela-wielkanocy\/\">[Read more&#8230;]<\/a><\/span><\/p>\n","protected":false},"author":2,"featured_media":0,"comment_status":"closed","ping_status":"","sticky":false,"template":"","format":"standard","meta":{"footnotes":"","_links_to":"","_links_to_target":""},"categories":[1],"tags":[],"class_list":{"0":"entry","1":"post","2":"publish","3":"author-proboszcz","4":"post-3055","6":"format-standard","7":"category-uncategorized"},"_links":{"self":[{"href":"https:\/\/parafiaszyk.pl\/index.php\/wp-json\/wp\/v2\/posts\/3055","targetHints":{"allow":["GET"]}}],"collection":[{"href":"https:\/\/parafiaszyk.pl\/index.php\/wp-json\/wp\/v2\/posts"}],"about":[{"href":"https:\/\/parafiaszyk.pl\/index.php\/wp-json\/wp\/v2\/types\/post"}],"author":[{"embeddable":true,"href":"https:\/\/parafiaszyk.pl\/index.php\/wp-json\/wp\/v2\/users\/2"}],"replies":[{"embeddable":true,"href":"https:\/\/parafiaszyk.pl\/index.php\/wp-json\/wp\/v2\/comments?post=3055"}],"version-history":[{"count":0,"href":"https:\/\/parafiaszyk.pl\/index.php\/wp-json\/wp\/v2\/posts\/3055\/revisions"}],"wp:attachment":[{"href":"https:\/\/parafiaszyk.pl\/index.php\/wp-json\/wp\/v2\/media?parent=3055"}],"wp:term":[{"taxonomy":"category","embeddable":true,"href":"https:\/\/parafiaszyk.pl\/index.php\/wp-json\/wp\/v2\/categories?post=3055"},{"taxonomy":"post_tag","embeddable":true,"href":"https:\/\/parafiaszyk.pl\/index.php\/wp-json\/wp\/v2\/tags?post=3055"}],"curies":[{"name":"wp","href":"https:\/\/api.w.org\/{rel}","templated":true}]}}