{"id":2971,"date":"2023-04-02T16:41:26","date_gmt":"2023-04-02T15:41:26","guid":{"rendered":"http:\/\/parafiaszyk.pl\/?p=2971"},"modified":"2023-04-02T16:41:26","modified_gmt":"2023-04-02T15:41:26","slug":"niedziela-palmowa","status":"publish","type":"post","link":"https:\/\/parafiaszyk.pl\/index.php\/2023\/04\/02\/niedziela-palmowa\/","title":{"rendered":"NIEDZIELA PALMOWA"},"content":{"rendered":"\n<p>Wje\u017cd\u017ca Kr\u00f3l nasz, Jezus cichy, do Jerozolimy. Ho\u0142d Mu sk\u0142ada lud pobo\u017cny, Jego lud rodzimy.\u00a0<em>Hosanna, hosanna Synowi Bo\u017cemu, Hosanna, hosanna, cze\u015b\u0107 Zbawcy naszemu!<\/em><\/p>\n\n\n\n<figure class=\"wp-block-image size-full\"><img loading=\"lazy\" decoding=\"async\" width=\"1024\" height=\"768\" src=\"https:\/\/parafiaszyk.pl\/wp-content\/uploads\/2023\/04\/F596738F-04BC-4583-A116-456364AC8E03.jpeg\" alt=\"\" class=\"wp-image-2972\" srcset=\"https:\/\/parafiaszyk.pl\/wp-content\/uploads\/2023\/04\/F596738F-04BC-4583-A116-456364AC8E03.jpeg 1024w, https:\/\/parafiaszyk.pl\/wp-content\/uploads\/2023\/04\/F596738F-04BC-4583-A116-456364AC8E03-300x225.jpeg 300w, https:\/\/parafiaszyk.pl\/wp-content\/uploads\/2023\/04\/F596738F-04BC-4583-A116-456364AC8E03-768x576.jpeg 768w\" sizes=\"auto, (max-width: 1024px) 100vw, 1024px\" \/><\/figure>\n\n\n\n<figure class=\"wp-block-image size-full\"><img loading=\"lazy\" decoding=\"async\" width=\"1024\" height=\"768\" src=\"https:\/\/parafiaszyk.pl\/wp-content\/uploads\/2023\/04\/4FB32A34-21A8-4E08-89BD-B95E4A4256F5.jpeg\" alt=\"\" class=\"wp-image-2973\" srcset=\"https:\/\/parafiaszyk.pl\/wp-content\/uploads\/2023\/04\/4FB32A34-21A8-4E08-89BD-B95E4A4256F5.jpeg 1024w, https:\/\/parafiaszyk.pl\/wp-content\/uploads\/2023\/04\/4FB32A34-21A8-4E08-89BD-B95E4A4256F5-300x225.jpeg 300w, https:\/\/parafiaszyk.pl\/wp-content\/uploads\/2023\/04\/4FB32A34-21A8-4E08-89BD-B95E4A4256F5-768x576.jpeg 768w\" sizes=\"auto, (max-width: 1024px) 100vw, 1024px\" \/><\/figure>\n","protected":false},"excerpt":{"rendered":"<p>Wje\u017cd\u017ca Kr\u00f3l nasz, Jezus cichy, do Jerozolimy. Ho\u0142d Mu sk\u0142ada lud pobo\u017cny, Jego lud rodzimy.\u00a0Hosanna, hosanna Synowi Bo\u017cemu, Hosanna, hosanna, cze\u015b\u0107 Zbawcy naszemu!<\/p>\n","protected":false},"author":2,"featured_media":0,"comment_status":"closed","ping_status":"","sticky":false,"template":"","format":"standard","meta":{"footnotes":"","_links_to":"","_links_to_target":""},"categories":[1],"tags":[],"class_list":{"0":"entry","1":"post","2":"publish","3":"author-proboszcz","4":"post-2971","6":"format-standard","7":"category-uncategorized"},"_links":{"self":[{"href":"https:\/\/parafiaszyk.pl\/index.php\/wp-json\/wp\/v2\/posts\/2971","targetHints":{"allow":["GET"]}}],"collection":[{"href":"https:\/\/parafiaszyk.pl\/index.php\/wp-json\/wp\/v2\/posts"}],"about":[{"href":"https:\/\/parafiaszyk.pl\/index.php\/wp-json\/wp\/v2\/types\/post"}],"author":[{"embeddable":true,"href":"https:\/\/parafiaszyk.pl\/index.php\/wp-json\/wp\/v2\/users\/2"}],"replies":[{"embeddable":true,"href":"https:\/\/parafiaszyk.pl\/index.php\/wp-json\/wp\/v2\/comments?post=2971"}],"version-history":[{"count":0,"href":"https:\/\/parafiaszyk.pl\/index.php\/wp-json\/wp\/v2\/posts\/2971\/revisions"}],"wp:attachment":[{"href":"https:\/\/parafiaszyk.pl\/index.php\/wp-json\/wp\/v2\/media?parent=2971"}],"wp:term":[{"taxonomy":"category","embeddable":true,"href":"https:\/\/parafiaszyk.pl\/index.php\/wp-json\/wp\/v2\/categories?post=2971"},{"taxonomy":"post_tag","embeddable":true,"href":"https:\/\/parafiaszyk.pl\/index.php\/wp-json\/wp\/v2\/tags?post=2971"}],"curies":[{"name":"wp","href":"https:\/\/api.w.org\/{rel}","templated":true}]}}