{"id":2779,"date":"2023-01-29T00:13:32","date_gmt":"2023-01-28T23:13:32","guid":{"rendered":"http:\/\/parafiaszyk.pl\/?p=2779"},"modified":"2023-01-29T00:13:32","modified_gmt":"2023-01-28T23:13:32","slug":"spotkanie-oplatkowe","status":"publish","type":"post","link":"https:\/\/parafiaszyk.pl\/index.php\/2023\/01\/29\/spotkanie-oplatkowe\/","title":{"rendered":"Spotkanie Op\u0142atkowe"},"content":{"rendered":"\n<p>28 stycznia w naszym ko\u015bciele parafialnym odby\u0142o si\u0119 spotkanie op\u0142atkowe dla wszystkich  Wsp\u00f3lnot , kt\u00f3re dzia\u0142aj\u0105 przy naszej parafii. Wydarzenie poprzedzi\u0142a uroczysta Eucharystia , nast\u0119pnie ka\u017cdy z Uczestnik\u00f3w z\u0142o\u017cy\u0142 sobie \u017cyczenia a na zako\u0144czenie wszyscy wsp\u00f3lnie kol\u0119dowali. <\/p>\n\n\n\n<p>   <\/p>\n\n\n\n<figure class=\"wp-block-image size-large\"><img loading=\"lazy\" decoding=\"async\" width=\"1024\" height=\"768\" src=\"https:\/\/parafiaszyk.pl\/wp-content\/uploads\/2023\/01\/2A472782-B9B4-466D-970A-D758981DC4DC-1024x768.jpeg\" alt=\"\" class=\"wp-image-2781\" srcset=\"https:\/\/parafiaszyk.pl\/wp-content\/uploads\/2023\/01\/2A472782-B9B4-466D-970A-D758981DC4DC-1024x768.jpeg 1024w, https:\/\/parafiaszyk.pl\/wp-content\/uploads\/2023\/01\/2A472782-B9B4-466D-970A-D758981DC4DC-300x225.jpeg 300w, https:\/\/parafiaszyk.pl\/wp-content\/uploads\/2023\/01\/2A472782-B9B4-466D-970A-D758981DC4DC-768x576.jpeg 768w, https:\/\/parafiaszyk.pl\/wp-content\/uploads\/2023\/01\/2A472782-B9B4-466D-970A-D758981DC4DC-1536x1152.jpeg 1536w, https:\/\/parafiaszyk.pl\/wp-content\/uploads\/2023\/01\/2A472782-B9B4-466D-970A-D758981DC4DC-2048x1536.jpeg 2048w\" sizes=\"auto, (max-width: 1024px) 100vw, 1024px\" \/><\/figure>\n\n\n\n<p class=\"has-text-align-center\"><em>Obraz dodany za zgod\u0105 na udost\u0119pnienie wizerunku.<\/em><\/p>\n","protected":false},"excerpt":{"rendered":"<p>28 stycznia w naszym ko\u015bciele parafialnym odby\u0142o si\u0119 spotkanie op\u0142atkowe dla wszystkich Wsp\u00f3lnot , kt\u00f3re dzia\u0142aj\u0105 przy naszej parafii. Wydarzenie poprzedzi\u0142a uroczysta Eucharystia , nast\u0119pnie ka\u017cdy z Uczestnik\u00f3w z\u0142o\u017cy\u0142 sobie \u017cyczenia a na zako\u0144czenie wszyscy wsp\u00f3lnie kol\u0119dowali. Obraz dodany za zgod\u0105 na udost\u0119pnienie wizerunku.<\/p>\n","protected":false},"author":2,"featured_media":0,"comment_status":"closed","ping_status":"","sticky":false,"template":"","format":"standard","meta":{"footnotes":"","_links_to":"","_links_to_target":""},"categories":[1],"tags":[],"class_list":{"0":"entry","1":"post","2":"publish","3":"author-proboszcz","4":"post-2779","6":"format-standard","7":"category-uncategorized"},"_links":{"self":[{"href":"https:\/\/parafiaszyk.pl\/index.php\/wp-json\/wp\/v2\/posts\/2779","targetHints":{"allow":["GET"]}}],"collection":[{"href":"https:\/\/parafiaszyk.pl\/index.php\/wp-json\/wp\/v2\/posts"}],"about":[{"href":"https:\/\/parafiaszyk.pl\/index.php\/wp-json\/wp\/v2\/types\/post"}],"author":[{"embeddable":true,"href":"https:\/\/parafiaszyk.pl\/index.php\/wp-json\/wp\/v2\/users\/2"}],"replies":[{"embeddable":true,"href":"https:\/\/parafiaszyk.pl\/index.php\/wp-json\/wp\/v2\/comments?post=2779"}],"version-history":[{"count":0,"href":"https:\/\/parafiaszyk.pl\/index.php\/wp-json\/wp\/v2\/posts\/2779\/revisions"}],"wp:attachment":[{"href":"https:\/\/parafiaszyk.pl\/index.php\/wp-json\/wp\/v2\/media?parent=2779"}],"wp:term":[{"taxonomy":"category","embeddable":true,"href":"https:\/\/parafiaszyk.pl\/index.php\/wp-json\/wp\/v2\/categories?post=2779"},{"taxonomy":"post_tag","embeddable":true,"href":"https:\/\/parafiaszyk.pl\/index.php\/wp-json\/wp\/v2\/tags?post=2779"}],"curies":[{"name":"wp","href":"https:\/\/api.w.org\/{rel}","templated":true}]}}