{"id":2504,"date":"2022-11-01T09:48:35","date_gmt":"2022-11-01T08:48:35","guid":{"rendered":"http:\/\/parafiaszyk.pl\/?p=2504"},"modified":"2022-11-01T09:48:35","modified_gmt":"2022-11-01T08:48:35","slug":"uroczystosc-wszystkich-swietych","status":"publish","type":"post","link":"https:\/\/parafiaszyk.pl\/index.php\/2022\/11\/01\/uroczystosc-wszystkich-swietych\/","title":{"rendered":"Uroczysto\u015b\u0107 Wszystkich \u015awi\u0119tych"},"content":{"rendered":"\n<p>1 listopad 2022r.<\/p>\n\n\n\n<p>B\u0105d\u017amy w stanie \u0142aski u\u015bwi\u0119caj\u0105cej, przyst\u0119pujmy do komunii \u015bw. i pro\u015bmy Boga w intencji naszych zmar\u0142ych o szcz\u0119\u015bcie wieczne dla nich &#8211; powiedzia\u0142 rzecznik Konferencji Episkopatu Polski ks. Leszek G\u0119siak w przes\u0142aniu z okazji uroczysto\u015bci Wszystkich \u015awi\u0119tych i Dnia Zadusznego.<\/p>\n\n\n\n<p>Ko\u015bci\u00f3\u0142 katolicki 1 listopada obchodzi uroczysto\u015b\u0107 Wszystkich \u015awi\u0119tych. Rzecznik Episkopatu zaznaczy\u0142, \u017ce uroczysto\u015b\u0107 Wszystkich \u015awi\u0119tych to wielkie \u015bwi\u0119to dla ka\u017cdego katolika.<\/p>\n\n\n\n<p>&#8211; To dzie\u0144, kiedy wspominamy wielkich ludzi Ko\u015bcio\u0142a: tych kanonizowanych, beatyfikowanych, ale tak\u017ce tych, kt\u00f3rzy nigdy nie zostali dekretami wyniesieni na o\u0142tarze, a swoim \u017cyciem i przyk\u0142adem \u015bwiadczyli o obecno\u015bci Boga i \u017cycia Ewangeli\u0105 w codziennym \u017cyciu &#8211; powiedzia\u0142.<\/p>\n\n\n\n<p>Doda\u0142, \u017ce &#8222;ich wspominamy, ich czcimy i za ich wstawiennictwem prosimy Boga o wszelkie potrzebne \u0142aski dla nas, kt\u00f3rzy wci\u0105\u017c pod\u0105\u017camy w pielgrzymce do nieba&#8221;.<\/p>\n\n\n\n<figure class=\"wp-block-image size-large\"><img loading=\"lazy\" decoding=\"async\" width=\"1024\" height=\"574\" src=\"https:\/\/parafiaszyk.pl\/wp-content\/uploads\/2022\/11\/4D135ADE-9554-48DC-9F1F-45E5A0703BE8-1024x574.jpeg\" alt=\"\" class=\"wp-image-2505\" srcset=\"https:\/\/parafiaszyk.pl\/wp-content\/uploads\/2022\/11\/4D135ADE-9554-48DC-9F1F-45E5A0703BE8-1024x574.jpeg 1024w, https:\/\/parafiaszyk.pl\/wp-content\/uploads\/2022\/11\/4D135ADE-9554-48DC-9F1F-45E5A0703BE8-300x168.jpeg 300w, https:\/\/parafiaszyk.pl\/wp-content\/uploads\/2022\/11\/4D135ADE-9554-48DC-9F1F-45E5A0703BE8-768x431.jpeg 768w, https:\/\/parafiaszyk.pl\/wp-content\/uploads\/2022\/11\/4D135ADE-9554-48DC-9F1F-45E5A0703BE8.jpeg 1070w\" sizes=\"auto, (max-width: 1024px) 100vw, 1024px\" \/><figcaption><br>Z kolei 2 listopada b\u0119dziemy wspomina\u0107 wszystkich wiernych zmar\u0142ych. &#8211; Cz\u0119sto tych, kt\u00f3rych sami znali\u015bmy, kt\u00f3rzy byli nam bliscy, cz\u0142onk\u00f3w naszych rodzin, przyjaci\u00f3\u0142, znajomych, tych, kt\u00f3rzy w jaki\u015b spos\u00f3b zapisali si\u0119 w naszym \u017cyciu i kt\u00f3rych nosimy w pami\u0119ci, w naszym sercu. Za tych wszystkich sk\u0142adajmy modlitw\u0119 i pro\u015bmy Boga, by w drodze do nieba otrzymali wszelkie potrzebne wsparcie duchowe, by czas oczyszczenia, czas czy\u015b\u0107ca by\u0142 dla nich lekki i doprowadzi\u0142 do wiecznego szcz\u0119\u015bcia &#8211; podkre\u015bli\u0142 ks. G\u0119siak.<br>Rzecznik KEP zwr\u00f3ci\u0142 uwag\u0119, \u017ce Ko\u015bci\u00f3\u0142 katolicki zach\u0119ca, by w czasie oktawy uroczysto\u015bci Wszystkich \u015awi\u0119tych, kt\u00f3ra trwa od 1 do 8 listopada, modli\u0107 si\u0119 i prosi\u0107 Boga o odpust za zmar\u0142ych. &#8211; B\u0105d\u017amy w stanie \u0142aski u\u015bwi\u0119caj\u0105cej, przyst\u0119pujmy do komunii \u015bw. i pro\u015bmy Boga w intencji naszych zmar\u0142ych o szcz\u0119\u015bcie wieczne dla nich &#8211; zach\u0119ci\u0142.<\/figcaption><\/figure>\n\n\n\n<figure class=\"wp-block-image size-full\"><img loading=\"lazy\" decoding=\"async\" width=\"512\" height=\"457\" src=\"https:\/\/parafiaszyk.pl\/wp-content\/uploads\/2022\/11\/8FD4E349-E16F-4A44-886A-88DEB30A4A96.jpeg\" alt=\"\" class=\"wp-image-2506\" srcset=\"https:\/\/parafiaszyk.pl\/wp-content\/uploads\/2022\/11\/8FD4E349-E16F-4A44-886A-88DEB30A4A96.jpeg 512w, https:\/\/parafiaszyk.pl\/wp-content\/uploads\/2022\/11\/8FD4E349-E16F-4A44-886A-88DEB30A4A96-300x268.jpeg 300w\" sizes=\"auto, (max-width: 512px) 100vw, 512px\" \/><\/figure>\n","protected":false},"excerpt":{"rendered":"<p>1 listopad 2022r. B\u0105d\u017amy w stanie \u0142aski u\u015bwi\u0119caj\u0105cej, przyst\u0119pujmy do komunii \u015bw. i pro\u015bmy Boga w intencji naszych zmar\u0142ych o szcz\u0119\u015bcie wieczne dla nich &#8211; powiedzia\u0142 rzecznik Konferencji Episkopatu Polski ks. Leszek G\u0119siak w przes\u0142aniu z okazji uroczysto\u015bci Wszystkich \u015awi\u0119tych i Dnia Zadusznego. Ko\u015bci\u00f3\u0142 katolicki 1 listopada obchodzi uroczysto\u015b\u0107 Wszystkich \u015awi\u0119tych. Rzecznik Episkopatu zaznaczy\u0142, \u017ce &#8230; <span class=\"more\"><a class=\"more-link\" href=\"https:\/\/parafiaszyk.pl\/index.php\/2022\/11\/01\/uroczystosc-wszystkich-swietych\/\">[Read more&#8230;]<\/a><\/span><\/p>\n","protected":false},"author":2,"featured_media":0,"comment_status":"closed","ping_status":"","sticky":false,"template":"","format":"standard","meta":{"footnotes":"","_links_to":"","_links_to_target":""},"categories":[1],"tags":[],"class_list":{"0":"entry","1":"post","2":"publish","3":"author-proboszcz","4":"post-2504","6":"format-standard","7":"category-uncategorized"},"_links":{"self":[{"href":"https:\/\/parafiaszyk.pl\/index.php\/wp-json\/wp\/v2\/posts\/2504","targetHints":{"allow":["GET"]}}],"collection":[{"href":"https:\/\/parafiaszyk.pl\/index.php\/wp-json\/wp\/v2\/posts"}],"about":[{"href":"https:\/\/parafiaszyk.pl\/index.php\/wp-json\/wp\/v2\/types\/post"}],"author":[{"embeddable":true,"href":"https:\/\/parafiaszyk.pl\/index.php\/wp-json\/wp\/v2\/users\/2"}],"replies":[{"embeddable":true,"href":"https:\/\/parafiaszyk.pl\/index.php\/wp-json\/wp\/v2\/comments?post=2504"}],"version-history":[{"count":0,"href":"https:\/\/parafiaszyk.pl\/index.php\/wp-json\/wp\/v2\/posts\/2504\/revisions"}],"wp:attachment":[{"href":"https:\/\/parafiaszyk.pl\/index.php\/wp-json\/wp\/v2\/media?parent=2504"}],"wp:term":[{"taxonomy":"category","embeddable":true,"href":"https:\/\/parafiaszyk.pl\/index.php\/wp-json\/wp\/v2\/categories?post=2504"},{"taxonomy":"post_tag","embeddable":true,"href":"https:\/\/parafiaszyk.pl\/index.php\/wp-json\/wp\/v2\/tags?post=2504"}],"curies":[{"name":"wp","href":"https:\/\/api.w.org\/{rel}","templated":true}]}}