{"id":2083,"date":"2022-05-16T13:40:12","date_gmt":"2022-05-16T12:40:12","guid":{"rendered":"http:\/\/parafiaszyk.pl\/?p=2083"},"modified":"2022-05-16T13:46:36","modified_gmt":"2022-05-16T12:46:36","slug":"dokument-o-sw-andrzeju-bobola-patronie-polski","status":"publish","type":"post","link":"https:\/\/parafiaszyk.pl\/index.php\/2022\/05\/16\/dokument-o-sw-andrzeju-bobola-patronie-polski\/","title":{"rendered":"Wspomnienie \u015bw. Andrzeja Boboli M\u0119czennika        Patrona Polski"},"content":{"rendered":"\n<p><\/p>\n\n\n\n<p><strong><mark style=\"background-color:rgba(0, 0, 0, 0)\" class=\"has-inline-color has-vivid-red-color\">Modlitwa poranna<\/mark><\/strong><\/p>\n\n\n\n<p>Ju\u017c dzie\u0144 chwalebny ja\u015bnieje&nbsp;<br>I now\u0105 rado\u015b\u0107 przynosi,&nbsp;<br>Bo Andrzej oddal swe \u017cycie&nbsp;<br>Za zjednoczenie Ko\u015bcio\u0142a.<\/p>\n\n\n\n<p>O ciesz si\u0119, polska kraino,&nbsp;<br>\u017be zas\u0142u\u017cy\u0142a\u015b na syna,&nbsp;<br>Kt\u00f3rego \u015bmier\u0107 opromienia&nbsp;<br>Prawdziwej wiary wsp\u00f3lnot\u0119!<\/p>\n\n\n\n<p>Przez win\u0119 pychy rozdarto&nbsp;<br>Jedyn\u0105 szat\u0119 Chrystusa,&nbsp;<br>Niech krew i mi\u0142o\u015b\u0107 Andrzeja&nbsp;<br>Wyb\u0142aga jej po\u0142\u0105czenie.<\/p>\n\n\n\n<p>Bo ile\u017c poni\u00f3s\u0142 on trud\u00f3w,&nbsp;<br>By do jednego Pasterza&nbsp;<br>Zwiedzionych przywie\u015b\u0107 na powr\u00f3t&nbsp;<br>I w jednej wierze zachowa\u0107!<\/p>\n\n\n\n<p>Andrzeju, Bo\u017cy rycerzu,\u00a0<br>Gdy dzi\u015b s\u0142awimy hymnami\u00a0<br>Pami\u0105tk\u0119 twego m\u0119cze\u0144stwa,\u00a0<br>Or\u0119duj w niebie za nami!<\/p>\n\n\n\n<p>***********************************<\/p>\n\n\n\n<p>Film dokumentalny powrotu relikwii \u015bw. Andrzeja Boboli do Polski 1938r<\/p>\n\n\n\n<figure class=\"wp-block-embed is-type-video is-provider-youtube wp-block-embed-youtube wp-embed-aspect-4-3 wp-has-aspect-ratio\"><div class=\"wp-block-embed__wrapper\">\n<iframe loading=\"lazy\" title=\"Powr\u00f3t relikwii \u015bw. Andrzeja Boboli do Polski 1938 reporta\u017c\" width=\"700\" height=\"525\" src=\"https:\/\/www.youtube.com\/embed\/UeraPkdHdOQ?feature=oembed\" frameborder=\"0\" allow=\"accelerometer; autoplay; clipboard-write; encrypted-media; gyroscope; picture-in-picture; web-share\" allowfullscreen><\/iframe>\n<\/div><\/figure>\n","protected":false},"excerpt":{"rendered":"<p>Modlitwa poranna Ju\u017c dzie\u0144 chwalebny ja\u015bnieje&nbsp;I now\u0105 rado\u015b\u0107 przynosi,&nbsp;Bo Andrzej oddal swe \u017cycie&nbsp;Za zjednoczenie Ko\u015bcio\u0142a. O ciesz si\u0119, polska kraino,&nbsp;\u017be zas\u0142u\u017cy\u0142a\u015b na syna,&nbsp;Kt\u00f3rego \u015bmier\u0107 opromienia&nbsp;Prawdziwej wiary wsp\u00f3lnot\u0119! Przez win\u0119 pychy rozdarto&nbsp;Jedyn\u0105 szat\u0119 Chrystusa,&nbsp;Niech krew i mi\u0142o\u015b\u0107 Andrzeja&nbsp;Wyb\u0142aga jej po\u0142\u0105czenie. Bo ile\u017c poni\u00f3s\u0142 on trud\u00f3w,&nbsp;By do jednego Pasterza&nbsp;Zwiedzionych przywie\u015b\u0107 na powr\u00f3t&nbsp;I w jednej wierze zachowa\u0107! Andrzeju, &#8230; <span class=\"more\"><a class=\"more-link\" href=\"https:\/\/parafiaszyk.pl\/index.php\/2022\/05\/16\/dokument-o-sw-andrzeju-bobola-patronie-polski\/\">[Read more&#8230;]<\/a><\/span><\/p>\n","protected":false},"author":2,"featured_media":0,"comment_status":"closed","ping_status":"","sticky":false,"template":"","format":"standard","meta":{"footnotes":"","_links_to":"","_links_to_target":""},"categories":[1],"tags":[],"class_list":{"0":"entry","1":"post","2":"publish","3":"author-proboszcz","4":"post-2083","6":"format-standard","7":"category-uncategorized"},"_links":{"self":[{"href":"https:\/\/parafiaszyk.pl\/index.php\/wp-json\/wp\/v2\/posts\/2083","targetHints":{"allow":["GET"]}}],"collection":[{"href":"https:\/\/parafiaszyk.pl\/index.php\/wp-json\/wp\/v2\/posts"}],"about":[{"href":"https:\/\/parafiaszyk.pl\/index.php\/wp-json\/wp\/v2\/types\/post"}],"author":[{"embeddable":true,"href":"https:\/\/parafiaszyk.pl\/index.php\/wp-json\/wp\/v2\/users\/2"}],"replies":[{"embeddable":true,"href":"https:\/\/parafiaszyk.pl\/index.php\/wp-json\/wp\/v2\/comments?post=2083"}],"version-history":[{"count":0,"href":"https:\/\/parafiaszyk.pl\/index.php\/wp-json\/wp\/v2\/posts\/2083\/revisions"}],"wp:attachment":[{"href":"https:\/\/parafiaszyk.pl\/index.php\/wp-json\/wp\/v2\/media?parent=2083"}],"wp:term":[{"taxonomy":"category","embeddable":true,"href":"https:\/\/parafiaszyk.pl\/index.php\/wp-json\/wp\/v2\/categories?post=2083"},{"taxonomy":"post_tag","embeddable":true,"href":"https:\/\/parafiaszyk.pl\/index.php\/wp-json\/wp\/v2\/tags?post=2083"}],"curies":[{"name":"wp","href":"https:\/\/api.w.org\/{rel}","templated":true}]}}